{"id":15435,"date":"2020-06-15T19:32:29","date_gmt":"2020-06-15T17:32:29","guid":{"rendered":"https:\/\/cnab-dev.wwwarcelona.net\/abrimos-el-22-de-junio\/"},"modified":"2024-12-16T13:56:32","modified_gmt":"2024-12-16T12:56:32","slug":"abrimos-el-22-de-junio","status":"publish","type":"post","link":"https:\/\/www.cnab.cat\/ca\/abrimos-el-22-de-junio\/","title":{"rendered":"OBRIM EL 22 DE JUNY"},"content":{"rendered":"<p>La vostra salut \u00e9s la nostra prioritat, i amb aquest prop\u00f2sit hem preparat les instal\u00b7lacions a consci\u00e8ncia per a transmetre-us la m\u00e0xima seguretat i confian\u00e7a. Tot aix\u00f2 mantenint el confort, l\u2019accessibilitat i la qualitat del servei.<\/p>\n<p>En aquest <a href=\"https:\/\/www.cnab.cat\/wp-content\/uploads\/2020\/06\/CNAB-Reobertura-CAT.pdf\">enlla\u00e7<\/a> podeu trobar el protocol d\u2019obertura, amb les pautes i normes que haurem de seguir i amb les mesures que hem pres i prendrem per a mantenir el Club segur. Si us plau, respectem aquest manual perqu\u00e8 preservar les instal\u00b7lacions segures dep\u00e8n de tots i totes nosaltres.<\/p>\n<p>Aprofitem per informar-vos que hem dissenyat una nova app CNAB ACC\u00c9S per a que entreu al Club sense contacte. Per a poder registrar-vos necessitareu un nom d\u2019usuari i contrasenya, que rebreu per mail en els propers dies.<\/p>\n<p>Tamb\u00e9 necessitareu l\u2019APP CNAB perqu\u00e8 durant aquesta primera etapa ser\u00e0 imprescindible per a reservar i participar a les activitats dirigides. Podeu consultar la nova graella <a href=\"https:\/\/www.cnab.cat\/ca\/activitats\/activitats-dirigides\/horarios\/\">aqu\u00ed<\/a> i a l&#8217;app.<\/p>\n<p>El compliment de la normativa \u00e9s m\u00e9s important que mai. A m\u00e9s de la <a href=\"https:\/\/www.cnab.cat\/ca\/el-club\/normativa\/\">normativa<\/a> ordin\u00e0ria s&#8217;han creat algunes <a href=\"https:\/\/www.cnab.cat\/wp-content\/uploads\/2020\/06\/normatives-espec\u00edfiques-reobertura.pdf\">espec\u00edfiques<\/a> per a espais concrets, que complementen l&#8217;ordin\u00e0ria. Detingueu-vos uns moments a llegir-les, si us plau, a fi de millorar la conviv\u00e8ncia.<\/p>\n<p>Teniu el nostre comprom\u00eds que continuarem treballant incansablement per a que pugueu gaudir del Club com abans, encara que ens haguem d\u2019adaptar temporalment a les noves circumst\u00e0ncies.<\/p>\n<p>Des de ja agra\u00efm la vostra confian\u00e7a i us donem la benvinguda de nou a la vostra casa.<\/p>\n","protected":false},"excerpt":{"rendered":"<p>La vostra salut \u00e9s la nostra prioritat, i amb aquest prop\u00f2sit hem preparat les instal\u00b7lacions a consci\u00e8ncia per a transmetre-us la m\u00e0xima seguretat i confian\u00e7a. Tot aix\u00f2 mantenint el confort, l\u2019accessibilitat i la qualitat del servei. En aquest enlla\u00e7 podeu trobar el protocol d\u2019obertura, amb les pautes i normes que haurem de seguir i amb [&hellip;]<\/p>\n","protected":false},"author":5,"featured_media":15425,"comment_status":"open","ping_status":"closed","sticky":false,"template":"","format":"standard","meta":{"_acf_changed":false,"footnotes":""},"categories":[860],"tags":[],"class_list":["post-15435","post","type-post","status-publish","format-standard","has-post-thumbnail","hentry","category-avis-ultima-hora"],"acf":[],"yoast_head":"<!-- This site is optimized with the Yoast SEO plugin v27.5 - https:\/\/yoast.com\/product\/yoast-seo-wordpress\/ -->\n<title>OBRIM EL 22 DE JUNY - Club Nataci\u00f3 Atl\u00e8tic-Barceloneta<\/title>\n<meta name=\"robots\" content=\"index, follow, max-snippet:-1, max-image-preview:large, max-video-preview:-1\" \/>\n<link rel=\"canonical\" href=\"https:\/\/www.cnab.cat\/ca\/abrimos-el-22-de-junio\/\" \/>\n<meta property=\"og:locale\" content=\"ca_ES\" \/>\n<meta property=\"og:type\" content=\"article\" \/>\n<meta property=\"og:title\" content=\"OBRIM EL 22 DE JUNY - Club Nataci\u00f3 Atl\u00e8tic-Barceloneta\" \/>\n<meta property=\"og:description\" content=\"La vostra salut \u00e9s la nostra prioritat, i amb aquest prop\u00f2sit hem preparat les instal\u00b7lacions a consci\u00e8ncia per a transmetre-us la m\u00e0xima seguretat i confian\u00e7a. Tot aix\u00f2 mantenint el confort, l\u2019accessibilitat i la qualitat del servei. En aquest enlla\u00e7 podeu trobar el protocol d\u2019obertura, amb les pautes i normes que haurem de seguir i amb [&hellip;]\" \/>\n<meta property=\"og:url\" content=\"https:\/\/www.cnab.cat\/ca\/abrimos-el-22-de-junio\/\" \/>\n<meta property=\"og:site_name\" content=\"Club Nataci\u00f3 Atl\u00e8tic-Barceloneta\" \/>\n<meta property=\"article:publisher\" content=\"https:\/\/www.facebook.com\/cnab.oficial\/\" \/>\n<meta property=\"article:published_time\" content=\"2020-06-15T17:32:29+00:00\" \/>\n<meta property=\"article:modified_time\" content=\"2024-12-16T12:56:32+00:00\" \/>\n<meta property=\"og:image\" content=\"https:\/\/www.cnab.cat\/wp-content\/uploads\/2020\/06\/TORNEM.jpg\" \/>\n\t<meta property=\"og:image:width\" content=\"850\" \/>\n\t<meta property=\"og:image:height\" content=\"494\" \/>\n\t<meta property=\"og:image:type\" content=\"image\/jpeg\" \/>\n<meta name=\"author\" content=\"Eva Nieves\" \/>\n<meta name=\"twitter:card\" content=\"summary_large_image\" \/>\n<meta name=\"twitter:creator\" content=\"@CNAB_oficial\" \/>\n<meta name=\"twitter:site\" content=\"@CNAB_oficial\" \/>\n<meta name=\"twitter:label1\" content=\"Escrit per\" \/>\n\t<meta name=\"twitter:data1\" content=\"Eva Nieves\" \/>\n\t<meta name=\"twitter:label2\" content=\"Temps estimat de lectura\" \/>\n\t<meta name=\"twitter:data2\" content=\"2 minuts\" \/>\n<script type=\"application\/ld+json\" class=\"yoast-schema-graph\">{\"@context\":\"https:\\\/\\\/schema.org\",\"@graph\":[{\"@type\":\"Article\",\"@id\":\"https:\\\/\\\/www.cnab.cat\\\/ca\\\/abrimos-el-22-de-junio\\\/#article\",\"isPartOf\":{\"@id\":\"https:\\\/\\\/www.cnab.cat\\\/ca\\\/abrimos-el-22-de-junio\\\/\"},\"author\":{\"name\":\"Eva Nieves\",\"@id\":\"https:\\\/\\\/www.cnab.cat\\\/#\\\/schema\\\/person\\\/b3aa7febf9506188fbbfba1284bc4af8\"},\"headline\":\"OBRIM EL 22 DE JUNY\",\"datePublished\":\"2020-06-15T17:32:29+00:00\",\"dateModified\":\"2024-12-16T12:56:32+00:00\",\"mainEntityOfPage\":{\"@id\":\"https:\\\/\\\/www.cnab.cat\\\/ca\\\/abrimos-el-22-de-junio\\\/\"},\"wordCount\":267,\"commentCount\":0,\"publisher\":{\"@id\":\"https:\\\/\\\/www.cnab.cat\\\/#organization\"},\"image\":{\"@id\":\"https:\\\/\\\/www.cnab.cat\\\/ca\\\/abrimos-el-22-de-junio\\\/#primaryimage\"},\"thumbnailUrl\":\"https:\\\/\\\/www.cnab.cat\\\/wp-content\\\/uploads\\\/2020\\\/06\\\/TORNEM.jpg\",\"articleSection\":[\"\u00daltima hora\"],\"inLanguage\":\"ca\"},{\"@type\":\"WebPage\",\"@id\":\"https:\\\/\\\/www.cnab.cat\\\/ca\\\/abrimos-el-22-de-junio\\\/\",\"url\":\"https:\\\/\\\/www.cnab.cat\\\/ca\\\/abrimos-el-22-de-junio\\\/\",\"name\":\"OBRIM EL 22 DE JUNY - Club Nataci\u00f3 Atl\u00e8tic-Barceloneta\",\"isPartOf\":{\"@id\":\"https:\\\/\\\/www.cnab.cat\\\/#website\"},\"primaryImageOfPage\":{\"@id\":\"https:\\\/\\\/www.cnab.cat\\\/ca\\\/abrimos-el-22-de-junio\\\/#primaryimage\"},\"image\":{\"@id\":\"https:\\\/\\\/www.cnab.cat\\\/ca\\\/abrimos-el-22-de-junio\\\/#primaryimage\"},\"thumbnailUrl\":\"https:\\\/\\\/www.cnab.cat\\\/wp-content\\\/uploads\\\/2020\\\/06\\\/TORNEM.jpg\",\"datePublished\":\"2020-06-15T17:32:29+00:00\",\"dateModified\":\"2024-12-16T12:56:32+00:00\",\"breadcrumb\":{\"@id\":\"https:\\\/\\\/www.cnab.cat\\\/ca\\\/abrimos-el-22-de-junio\\\/#breadcrumb\"},\"inLanguage\":\"ca\",\"potentialAction\":[{\"@type\":\"ReadAction\",\"target\":[\"https:\\\/\\\/www.cnab.cat\\\/ca\\\/abrimos-el-22-de-junio\\\/\"]}]},{\"@type\":\"ImageObject\",\"inLanguage\":\"ca\",\"@id\":\"https:\\\/\\\/www.cnab.cat\\\/ca\\\/abrimos-el-22-de-junio\\\/#primaryimage\",\"url\":\"https:\\\/\\\/www.cnab.cat\\\/wp-content\\\/uploads\\\/2020\\\/06\\\/TORNEM.jpg\",\"contentUrl\":\"https:\\\/\\\/www.cnab.cat\\\/wp-content\\\/uploads\\\/2020\\\/06\\\/TORNEM.jpg\",\"width\":850,\"height\":494},{\"@type\":\"BreadcrumbList\",\"@id\":\"https:\\\/\\\/www.cnab.cat\\\/ca\\\/abrimos-el-22-de-junio\\\/#breadcrumb\",\"itemListElement\":[{\"@type\":\"ListItem\",\"position\":1,\"name\":\"Inici\",\"item\":\"https:\\\/\\\/www.cnab.cat\\\/ca\\\/inici\\\/\"},{\"@type\":\"ListItem\",\"position\":2,\"name\":\"OBRIM EL 22 DE JUNY\"}]},{\"@type\":\"WebSite\",\"@id\":\"https:\\\/\\\/www.cnab.cat\\\/#website\",\"url\":\"https:\\\/\\\/www.cnab.cat\\\/\",\"name\":\"Club Nataci\u00f3 Atl\u00e8tic-Barceloneta\",\"description\":\"Web del Club Nataci\u00f3 Atl\u00e8tic Barceloneta\",\"publisher\":{\"@id\":\"https:\\\/\\\/www.cnab.cat\\\/#organization\"},\"potentialAction\":[{\"@type\":\"SearchAction\",\"target\":{\"@type\":\"EntryPoint\",\"urlTemplate\":\"https:\\\/\\\/www.cnab.cat\\\/?s={search_term_string}\"},\"query-input\":{\"@type\":\"PropertyValueSpecification\",\"valueRequired\":true,\"valueName\":\"search_term_string\"}}],\"inLanguage\":\"ca\"},{\"@type\":\"Organization\",\"@id\":\"https:\\\/\\\/www.cnab.cat\\\/#organization\",\"name\":\"Club Nataci\u00f3 Atl\u00e8tic - Barceloneta\",\"url\":\"https:\\\/\\\/www.cnab.cat\\\/\",\"logo\":{\"@type\":\"ImageObject\",\"inLanguage\":\"ca\",\"@id\":\"https:\\\/\\\/www.cnab.cat\\\/#\\\/schema\\\/logo\\\/image\\\/\",\"url\":\"https:\\\/\\\/www.cnab.cat\\\/wp-content\\\/uploads\\\/2025\\\/12\\\/cropped-CNAB_LogoNoticia-6.jpg\",\"contentUrl\":\"https:\\\/\\\/www.cnab.cat\\\/wp-content\\\/uploads\\\/2025\\\/12\\\/cropped-CNAB_LogoNoticia-6.jpg\",\"width\":512,\"height\":512,\"caption\":\"Club Nataci\u00f3 Atl\u00e8tic - Barceloneta\"},\"image\":{\"@id\":\"https:\\\/\\\/www.cnab.cat\\\/#\\\/schema\\\/logo\\\/image\\\/\"},\"sameAs\":[\"https:\\\/\\\/www.facebook.com\\\/cnab.oficial\\\/\",\"https:\\\/\\\/x.com\\\/CNAB_oficial\",\"http:\\\/\\\/cnaboficial\"]},{\"@type\":\"Person\",\"@id\":\"https:\\\/\\\/www.cnab.cat\\\/#\\\/schema\\\/person\\\/b3aa7febf9506188fbbfba1284bc4af8\",\"name\":\"Eva Nieves\",\"image\":{\"@type\":\"ImageObject\",\"inLanguage\":\"ca\",\"@id\":\"https:\\\/\\\/secure.gravatar.com\\\/avatar\\\/0b174b5b308064b2610fef6744a82de01e97b78d4532256f45a365872fdf37e3?s=96&d=mm&r=g\",\"url\":\"https:\\\/\\\/secure.gravatar.com\\\/avatar\\\/0b174b5b308064b2610fef6744a82de01e97b78d4532256f45a365872fdf37e3?s=96&d=mm&r=g\",\"contentUrl\":\"https:\\\/\\\/secure.gravatar.com\\\/avatar\\\/0b174b5b308064b2610fef6744a82de01e97b78d4532256f45a365872fdf37e3?s=96&d=mm&r=g\",\"caption\":\"Eva Nieves\"}}]}<\/script>\n<!-- \/ Yoast SEO plugin. -->","yoast_head_json":{"title":"OBRIM EL 22 DE JUNY - Club Nataci\u00f3 Atl\u00e8tic-Barceloneta","robots":{"index":"index","follow":"follow","max-snippet":"max-snippet:-1","max-image-preview":"max-image-preview:large","max-video-preview":"max-video-preview:-1"},"canonical":"https:\/\/www.cnab.cat\/ca\/abrimos-el-22-de-junio\/","og_locale":"ca_ES","og_type":"article","og_title":"OBRIM EL 22 DE JUNY - Club Nataci\u00f3 Atl\u00e8tic-Barceloneta","og_description":"La vostra salut \u00e9s la nostra prioritat, i amb aquest prop\u00f2sit hem preparat les instal\u00b7lacions a consci\u00e8ncia per a transmetre-us la m\u00e0xima seguretat i confian\u00e7a. Tot aix\u00f2 mantenint el confort, l\u2019accessibilitat i la qualitat del servei. En aquest enlla\u00e7 podeu trobar el protocol d\u2019obertura, amb les pautes i normes que haurem de seguir i amb [&hellip;]","og_url":"https:\/\/www.cnab.cat\/ca\/abrimos-el-22-de-junio\/","og_site_name":"Club Nataci\u00f3 Atl\u00e8tic-Barceloneta","article_publisher":"https:\/\/www.facebook.com\/cnab.oficial\/","article_published_time":"2020-06-15T17:32:29+00:00","article_modified_time":"2024-12-16T12:56:32+00:00","og_image":[{"width":850,"height":494,"url":"https:\/\/www.cnab.cat\/wp-content\/uploads\/2020\/06\/TORNEM.jpg","type":"image\/jpeg"}],"author":"Eva Nieves","twitter_card":"summary_large_image","twitter_creator":"@CNAB_oficial","twitter_site":"@CNAB_oficial","twitter_misc":{"Escrit per":"Eva Nieves","Temps estimat de lectura":"2 minuts"},"schema":{"@context":"https:\/\/schema.org","@graph":[{"@type":"Article","@id":"https:\/\/www.cnab.cat\/ca\/abrimos-el-22-de-junio\/#article","isPartOf":{"@id":"https:\/\/www.cnab.cat\/ca\/abrimos-el-22-de-junio\/"},"author":{"name":"Eva Nieves","@id":"https:\/\/www.cnab.cat\/#\/schema\/person\/b3aa7febf9506188fbbfba1284bc4af8"},"headline":"OBRIM EL 22 DE JUNY","datePublished":"2020-06-15T17:32:29+00:00","dateModified":"2024-12-16T12:56:32+00:00","mainEntityOfPage":{"@id":"https:\/\/www.cnab.cat\/ca\/abrimos-el-22-de-junio\/"},"wordCount":267,"commentCount":0,"publisher":{"@id":"https:\/\/www.cnab.cat\/#organization"},"image":{"@id":"https:\/\/www.cnab.cat\/ca\/abrimos-el-22-de-junio\/#primaryimage"},"thumbnailUrl":"https:\/\/www.cnab.cat\/wp-content\/uploads\/2020\/06\/TORNEM.jpg","articleSection":["\u00daltima hora"],"inLanguage":"ca"},{"@type":"WebPage","@id":"https:\/\/www.cnab.cat\/ca\/abrimos-el-22-de-junio\/","url":"https:\/\/www.cnab.cat\/ca\/abrimos-el-22-de-junio\/","name":"OBRIM EL 22 DE JUNY - Club Nataci\u00f3 Atl\u00e8tic-Barceloneta","isPartOf":{"@id":"https:\/\/www.cnab.cat\/#website"},"primaryImageOfPage":{"@id":"https:\/\/www.cnab.cat\/ca\/abrimos-el-22-de-junio\/#primaryimage"},"image":{"@id":"https:\/\/www.cnab.cat\/ca\/abrimos-el-22-de-junio\/#primaryimage"},"thumbnailUrl":"https:\/\/www.cnab.cat\/wp-content\/uploads\/2020\/06\/TORNEM.jpg","datePublished":"2020-06-15T17:32:29+00:00","dateModified":"2024-12-16T12:56:32+00:00","breadcrumb":{"@id":"https:\/\/www.cnab.cat\/ca\/abrimos-el-22-de-junio\/#breadcrumb"},"inLanguage":"ca","potentialAction":[{"@type":"ReadAction","target":["https:\/\/www.cnab.cat\/ca\/abrimos-el-22-de-junio\/"]}]},{"@type":"ImageObject","inLanguage":"ca","@id":"https:\/\/www.cnab.cat\/ca\/abrimos-el-22-de-junio\/#primaryimage","url":"https:\/\/www.cnab.cat\/wp-content\/uploads\/2020\/06\/TORNEM.jpg","contentUrl":"https:\/\/www.cnab.cat\/wp-content\/uploads\/2020\/06\/TORNEM.jpg","width":850,"height":494},{"@type":"BreadcrumbList","@id":"https:\/\/www.cnab.cat\/ca\/abrimos-el-22-de-junio\/#breadcrumb","itemListElement":[{"@type":"ListItem","position":1,"name":"Inici","item":"https:\/\/www.cnab.cat\/ca\/inici\/"},{"@type":"ListItem","position":2,"name":"OBRIM EL 22 DE JUNY"}]},{"@type":"WebSite","@id":"https:\/\/www.cnab.cat\/#website","url":"https:\/\/www.cnab.cat\/","name":"Club Nataci\u00f3 Atl\u00e8tic-Barceloneta","description":"Web del Club Nataci\u00f3 Atl\u00e8tic Barceloneta","publisher":{"@id":"https:\/\/www.cnab.cat\/#organization"},"potentialAction":[{"@type":"SearchAction","target":{"@type":"EntryPoint","urlTemplate":"https:\/\/www.cnab.cat\/?s={search_term_string}"},"query-input":{"@type":"PropertyValueSpecification","valueRequired":true,"valueName":"search_term_string"}}],"inLanguage":"ca"},{"@type":"Organization","@id":"https:\/\/www.cnab.cat\/#organization","name":"Club Nataci\u00f3 Atl\u00e8tic - Barceloneta","url":"https:\/\/www.cnab.cat\/","logo":{"@type":"ImageObject","inLanguage":"ca","@id":"https:\/\/www.cnab.cat\/#\/schema\/logo\/image\/","url":"https:\/\/www.cnab.cat\/wp-content\/uploads\/2025\/12\/cropped-CNAB_LogoNoticia-6.jpg","contentUrl":"https:\/\/www.cnab.cat\/wp-content\/uploads\/2025\/12\/cropped-CNAB_LogoNoticia-6.jpg","width":512,"height":512,"caption":"Club Nataci\u00f3 Atl\u00e8tic - Barceloneta"},"image":{"@id":"https:\/\/www.cnab.cat\/#\/schema\/logo\/image\/"},"sameAs":["https:\/\/www.facebook.com\/cnab.oficial\/","https:\/\/x.com\/CNAB_oficial","http:\/\/cnaboficial"]},{"@type":"Person","@id":"https:\/\/www.cnab.cat\/#\/schema\/person\/b3aa7febf9506188fbbfba1284bc4af8","name":"Eva Nieves","image":{"@type":"ImageObject","inLanguage":"ca","@id":"https:\/\/secure.gravatar.com\/avatar\/0b174b5b308064b2610fef6744a82de01e97b78d4532256f45a365872fdf37e3?s=96&d=mm&r=g","url":"https:\/\/secure.gravatar.com\/avatar\/0b174b5b308064b2610fef6744a82de01e97b78d4532256f45a365872fdf37e3?s=96&d=mm&r=g","contentUrl":"https:\/\/secure.gravatar.com\/avatar\/0b174b5b308064b2610fef6744a82de01e97b78d4532256f45a365872fdf37e3?s=96&d=mm&r=g","caption":"Eva Nieves"}}]}},"jetpack_featured_media_url":"https:\/\/www.cnab.cat\/wp-content\/uploads\/2020\/06\/TORNEM.jpg","_links":{"self":[{"href":"https:\/\/www.cnab.cat\/ca\/wp-json\/wp\/v2\/posts\/15435","targetHints":{"allow":["GET"]}}],"collection":[{"href":"https:\/\/www.cnab.cat\/ca\/wp-json\/wp\/v2\/posts"}],"about":[{"href":"https:\/\/www.cnab.cat\/ca\/wp-json\/wp\/v2\/types\/post"}],"author":[{"embeddable":true,"href":"https:\/\/www.cnab.cat\/ca\/wp-json\/wp\/v2\/users\/5"}],"replies":[{"embeddable":true,"href":"https:\/\/www.cnab.cat\/ca\/wp-json\/wp\/v2\/comments?post=15435"}],"version-history":[{"count":3,"href":"https:\/\/www.cnab.cat\/ca\/wp-json\/wp\/v2\/posts\/15435\/revisions"}],"predecessor-version":[{"id":15453,"href":"https:\/\/www.cnab.cat\/ca\/wp-json\/wp\/v2\/posts\/15435\/revisions\/15453"}],"wp:featuredmedia":[{"embeddable":true,"href":"https:\/\/www.cnab.cat\/ca\/wp-json\/wp\/v2\/media\/15425"}],"wp:attachment":[{"href":"https:\/\/www.cnab.cat\/ca\/wp-json\/wp\/v2\/media?parent=15435"}],"wp:term":[{"taxonomy":"category","embeddable":true,"href":"https:\/\/www.cnab.cat\/ca\/wp-json\/wp\/v2\/categories?post=15435"},{"taxonomy":"post_tag","embeddable":true,"href":"https:\/\/www.cnab.cat\/ca\/wp-json\/wp\/v2\/tags?post=15435"}],"curies":[{"name":"wp","href":"https:\/\/api.w.org\/{rel}","templated":true}]}}