{"id":16270,"date":"2020-10-29T20:14:41","date_gmt":"2020-10-29T19:14:41","guid":{"rendered":"https:\/\/cnab-dev.wwwarcelona.net\/cierre-provisional-15-dias\/"},"modified":"2024-12-16T13:55:00","modified_gmt":"2024-12-16T12:55:00","slug":"cierre-provisional-15-dias","status":"publish","type":"post","link":"https:\/\/www.cnab.cat\/ca\/cierre-provisional-15-dias\/","title":{"rendered":"Tancament provisional 15 dies"},"content":{"rendered":"<p><span style=\"font-family: 'Tahoma',sans-serif;\">Lamentem profundament comunicar-vos que tornem a tancar provisionalment la instal\u00b7laci\u00f3 per un per\u00edode de 15 dies, amb motiu de les noves mesures imposades per la Generalitat de Catalunya. <\/span><\/p>\n<p><span style=\"font-family: 'Tahoma',sans-serif;\">Malauradament, dem\u00e0 divendres 30 d\u2019octubre, ja no podrem obrir portes i fer el que m\u00e9s ens apassiona: cuidar de vosaltres. Perqu\u00e8 la vostra salut i benestar \u00e9s la nostra ra\u00f3 de ser. <\/span><\/p>\n<p><span style=\"font-family: 'Tahoma',sans-serif;\">Aix\u00f2 si, seguirem treballant constantment per a tenir a punt les instal\u00b7lacions a la vostra tornada.<\/span><\/p>\n<p><span style=\"font-family: 'Tahoma',sans-serif;\">Us informem que no pod\u00edem preveure aquest tancament aix\u00ed que les quotes del mes de novembre ja estan facturades. Ens comprometem, conjuntament amb l\u2019Ajuntament de Barcelona, a trobar una compensaci\u00f3 el m\u00e9s aviat possible. Des de dem\u00e0 mateix treballarem en aquest sentit. <\/span><\/p>\n<p><span style=\"font-family: 'Tahoma',sans-serif;\">Cuideu-vos molt i no deixeu de fer esport. <\/span><\/p>\n<p><span style=\"font-family: 'Tahoma',sans-serif;\">Us seguim informant, una abra\u00e7ada forta fam\u00edlia.<\/span><\/p>\n<p>#femCNAB #fam\u00edliaCNAB #orgullCNAB<\/p>\n","protected":false},"excerpt":{"rendered":"<p>Lamentem profundament comunicar-vos que tornem a tancar provisionalment la instal\u00b7laci\u00f3 per un per\u00edode de 15 dies, amb motiu de les noves mesures imposades per la Generalitat de Catalunya. Malauradament, dem\u00e0 divendres 30 d\u2019octubre, ja no podrem obrir portes i fer el que m\u00e9s ens apassiona: cuidar de vosaltres. Perqu\u00e8 la vostra salut i benestar \u00e9s [&hellip;]<\/p>\n","protected":false},"author":5,"featured_media":16265,"comment_status":"open","ping_status":"closed","sticky":false,"template":"","format":"standard","meta":{"_acf_changed":false,"footnotes":""},"categories":[860],"tags":[],"class_list":["post-16270","post","type-post","status-publish","format-standard","has-post-thumbnail","hentry","category-avis-ultima-hora"],"acf":[],"yoast_head":"<!-- This site is optimized with the Yoast SEO plugin v27.5 - https:\/\/yoast.com\/product\/yoast-seo-wordpress\/ -->\n<title>Tancament provisional 15 dies - Club Nataci\u00f3 Atl\u00e8tic-Barceloneta<\/title>\n<meta name=\"robots\" content=\"index, follow, max-snippet:-1, max-image-preview:large, max-video-preview:-1\" \/>\n<link rel=\"canonical\" href=\"https:\/\/www.cnab.cat\/ca\/cierre-provisional-15-dias\/\" \/>\n<meta property=\"og:locale\" content=\"ca_ES\" \/>\n<meta property=\"og:type\" content=\"article\" \/>\n<meta property=\"og:title\" content=\"Tancament provisional 15 dies - Club Nataci\u00f3 Atl\u00e8tic-Barceloneta\" \/>\n<meta property=\"og:description\" content=\"Lamentem profundament comunicar-vos que tornem a tancar provisionalment la instal\u00b7laci\u00f3 per un per\u00edode de 15 dies, amb motiu de les noves mesures imposades per la Generalitat de Catalunya. Malauradament, dem\u00e0 divendres 30 d\u2019octubre, ja no podrem obrir portes i fer el que m\u00e9s ens apassiona: cuidar de vosaltres. Perqu\u00e8 la vostra salut i benestar \u00e9s [&hellip;]\" \/>\n<meta property=\"og:url\" content=\"https:\/\/www.cnab.cat\/ca\/cierre-provisional-15-dias\/\" \/>\n<meta property=\"og:site_name\" content=\"Club Nataci\u00f3 Atl\u00e8tic-Barceloneta\" \/>\n<meta property=\"article:publisher\" content=\"https:\/\/www.facebook.com\/cnab.oficial\/\" \/>\n<meta property=\"article:published_time\" content=\"2020-10-29T19:14:41+00:00\" \/>\n<meta property=\"article:modified_time\" content=\"2024-12-16T12:55:00+00:00\" \/>\n<meta property=\"og:image\" content=\"https:\/\/www.cnab.cat\/wp-content\/uploads\/2020\/10\/Web_Tancat_Cat.png\" \/>\n\t<meta property=\"og:image:width\" content=\"855\" \/>\n\t<meta property=\"og:image:height\" content=\"495\" \/>\n\t<meta property=\"og:image:type\" content=\"image\/png\" \/>\n<meta name=\"author\" content=\"Eva Nieves\" \/>\n<meta name=\"twitter:card\" content=\"summary_large_image\" \/>\n<meta name=\"twitter:creator\" content=\"@CNAB_oficial\" \/>\n<meta name=\"twitter:site\" content=\"@CNAB_oficial\" \/>\n<meta name=\"twitter:label1\" content=\"Escrit per\" \/>\n\t<meta name=\"twitter:data1\" content=\"Eva Nieves\" \/>\n\t<meta name=\"twitter:label2\" content=\"Temps estimat de lectura\" \/>\n\t<meta name=\"twitter:data2\" content=\"1 minut\" \/>\n<script type=\"application\/ld+json\" class=\"yoast-schema-graph\">{\"@context\":\"https:\\\/\\\/schema.org\",\"@graph\":[{\"@type\":\"Article\",\"@id\":\"https:\\\/\\\/www.cnab.cat\\\/ca\\\/cierre-provisional-15-dias\\\/#article\",\"isPartOf\":{\"@id\":\"https:\\\/\\\/www.cnab.cat\\\/ca\\\/cierre-provisional-15-dias\\\/\"},\"author\":{\"name\":\"Eva Nieves\",\"@id\":\"https:\\\/\\\/www.cnab.cat\\\/#\\\/schema\\\/person\\\/b3aa7febf9506188fbbfba1284bc4af8\"},\"headline\":\"Tancament provisional 15 dies\",\"datePublished\":\"2020-10-29T19:14:41+00:00\",\"dateModified\":\"2024-12-16T12:55:00+00:00\",\"mainEntityOfPage\":{\"@id\":\"https:\\\/\\\/www.cnab.cat\\\/ca\\\/cierre-provisional-15-dias\\\/\"},\"wordCount\":148,\"commentCount\":0,\"publisher\":{\"@id\":\"https:\\\/\\\/www.cnab.cat\\\/#organization\"},\"image\":{\"@id\":\"https:\\\/\\\/www.cnab.cat\\\/ca\\\/cierre-provisional-15-dias\\\/#primaryimage\"},\"thumbnailUrl\":\"https:\\\/\\\/www.cnab.cat\\\/wp-content\\\/uploads\\\/2020\\\/10\\\/Web_Tancat_Cat.png\",\"articleSection\":[\"\u00daltima hora\"],\"inLanguage\":\"ca\"},{\"@type\":\"WebPage\",\"@id\":\"https:\\\/\\\/www.cnab.cat\\\/ca\\\/cierre-provisional-15-dias\\\/\",\"url\":\"https:\\\/\\\/www.cnab.cat\\\/ca\\\/cierre-provisional-15-dias\\\/\",\"name\":\"Tancament provisional 15 dies - Club Nataci\u00f3 Atl\u00e8tic-Barceloneta\",\"isPartOf\":{\"@id\":\"https:\\\/\\\/www.cnab.cat\\\/#website\"},\"primaryImageOfPage\":{\"@id\":\"https:\\\/\\\/www.cnab.cat\\\/ca\\\/cierre-provisional-15-dias\\\/#primaryimage\"},\"image\":{\"@id\":\"https:\\\/\\\/www.cnab.cat\\\/ca\\\/cierre-provisional-15-dias\\\/#primaryimage\"},\"thumbnailUrl\":\"https:\\\/\\\/www.cnab.cat\\\/wp-content\\\/uploads\\\/2020\\\/10\\\/Web_Tancat_Cat.png\",\"datePublished\":\"2020-10-29T19:14:41+00:00\",\"dateModified\":\"2024-12-16T12:55:00+00:00\",\"breadcrumb\":{\"@id\":\"https:\\\/\\\/www.cnab.cat\\\/ca\\\/cierre-provisional-15-dias\\\/#breadcrumb\"},\"inLanguage\":\"ca\",\"potentialAction\":[{\"@type\":\"ReadAction\",\"target\":[\"https:\\\/\\\/www.cnab.cat\\\/ca\\\/cierre-provisional-15-dias\\\/\"]}]},{\"@type\":\"ImageObject\",\"inLanguage\":\"ca\",\"@id\":\"https:\\\/\\\/www.cnab.cat\\\/ca\\\/cierre-provisional-15-dias\\\/#primaryimage\",\"url\":\"https:\\\/\\\/www.cnab.cat\\\/wp-content\\\/uploads\\\/2020\\\/10\\\/Web_Tancat_Cat.png\",\"contentUrl\":\"https:\\\/\\\/www.cnab.cat\\\/wp-content\\\/uploads\\\/2020\\\/10\\\/Web_Tancat_Cat.png\",\"width\":855,\"height\":495},{\"@type\":\"BreadcrumbList\",\"@id\":\"https:\\\/\\\/www.cnab.cat\\\/ca\\\/cierre-provisional-15-dias\\\/#breadcrumb\",\"itemListElement\":[{\"@type\":\"ListItem\",\"position\":1,\"name\":\"Inici\",\"item\":\"https:\\\/\\\/www.cnab.cat\\\/ca\\\/inici\\\/\"},{\"@type\":\"ListItem\",\"position\":2,\"name\":\"Tancament provisional 15 dies\"}]},{\"@type\":\"WebSite\",\"@id\":\"https:\\\/\\\/www.cnab.cat\\\/#website\",\"url\":\"https:\\\/\\\/www.cnab.cat\\\/\",\"name\":\"Club Nataci\u00f3 Atl\u00e8tic-Barceloneta\",\"description\":\"Web del Club Nataci\u00f3 Atl\u00e8tic Barceloneta\",\"publisher\":{\"@id\":\"https:\\\/\\\/www.cnab.cat\\\/#organization\"},\"potentialAction\":[{\"@type\":\"SearchAction\",\"target\":{\"@type\":\"EntryPoint\",\"urlTemplate\":\"https:\\\/\\\/www.cnab.cat\\\/?s={search_term_string}\"},\"query-input\":{\"@type\":\"PropertyValueSpecification\",\"valueRequired\":true,\"valueName\":\"search_term_string\"}}],\"inLanguage\":\"ca\"},{\"@type\":\"Organization\",\"@id\":\"https:\\\/\\\/www.cnab.cat\\\/#organization\",\"name\":\"Club Nataci\u00f3 Atl\u00e8tic - Barceloneta\",\"url\":\"https:\\\/\\\/www.cnab.cat\\\/\",\"logo\":{\"@type\":\"ImageObject\",\"inLanguage\":\"ca\",\"@id\":\"https:\\\/\\\/www.cnab.cat\\\/#\\\/schema\\\/logo\\\/image\\\/\",\"url\":\"https:\\\/\\\/www.cnab.cat\\\/wp-content\\\/uploads\\\/2025\\\/12\\\/cropped-CNAB_LogoNoticia-6.jpg\",\"contentUrl\":\"https:\\\/\\\/www.cnab.cat\\\/wp-content\\\/uploads\\\/2025\\\/12\\\/cropped-CNAB_LogoNoticia-6.jpg\",\"width\":512,\"height\":512,\"caption\":\"Club Nataci\u00f3 Atl\u00e8tic - Barceloneta\"},\"image\":{\"@id\":\"https:\\\/\\\/www.cnab.cat\\\/#\\\/schema\\\/logo\\\/image\\\/\"},\"sameAs\":[\"https:\\\/\\\/www.facebook.com\\\/cnab.oficial\\\/\",\"https:\\\/\\\/x.com\\\/CNAB_oficial\",\"http:\\\/\\\/cnaboficial\"]},{\"@type\":\"Person\",\"@id\":\"https:\\\/\\\/www.cnab.cat\\\/#\\\/schema\\\/person\\\/b3aa7febf9506188fbbfba1284bc4af8\",\"name\":\"Eva Nieves\",\"image\":{\"@type\":\"ImageObject\",\"inLanguage\":\"ca\",\"@id\":\"https:\\\/\\\/secure.gravatar.com\\\/avatar\\\/0b174b5b308064b2610fef6744a82de01e97b78d4532256f45a365872fdf37e3?s=96&d=mm&r=g\",\"url\":\"https:\\\/\\\/secure.gravatar.com\\\/avatar\\\/0b174b5b308064b2610fef6744a82de01e97b78d4532256f45a365872fdf37e3?s=96&d=mm&r=g\",\"contentUrl\":\"https:\\\/\\\/secure.gravatar.com\\\/avatar\\\/0b174b5b308064b2610fef6744a82de01e97b78d4532256f45a365872fdf37e3?s=96&d=mm&r=g\",\"caption\":\"Eva Nieves\"}}]}<\/script>\n<!-- \/ Yoast SEO plugin. -->","yoast_head_json":{"title":"Tancament provisional 15 dies - Club Nataci\u00f3 Atl\u00e8tic-Barceloneta","robots":{"index":"index","follow":"follow","max-snippet":"max-snippet:-1","max-image-preview":"max-image-preview:large","max-video-preview":"max-video-preview:-1"},"canonical":"https:\/\/www.cnab.cat\/ca\/cierre-provisional-15-dias\/","og_locale":"ca_ES","og_type":"article","og_title":"Tancament provisional 15 dies - Club Nataci\u00f3 Atl\u00e8tic-Barceloneta","og_description":"Lamentem profundament comunicar-vos que tornem a tancar provisionalment la instal\u00b7laci\u00f3 per un per\u00edode de 15 dies, amb motiu de les noves mesures imposades per la Generalitat de Catalunya. Malauradament, dem\u00e0 divendres 30 d\u2019octubre, ja no podrem obrir portes i fer el que m\u00e9s ens apassiona: cuidar de vosaltres. Perqu\u00e8 la vostra salut i benestar \u00e9s [&hellip;]","og_url":"https:\/\/www.cnab.cat\/ca\/cierre-provisional-15-dias\/","og_site_name":"Club Nataci\u00f3 Atl\u00e8tic-Barceloneta","article_publisher":"https:\/\/www.facebook.com\/cnab.oficial\/","article_published_time":"2020-10-29T19:14:41+00:00","article_modified_time":"2024-12-16T12:55:00+00:00","og_image":[{"width":855,"height":495,"url":"https:\/\/www.cnab.cat\/wp-content\/uploads\/2020\/10\/Web_Tancat_Cat.png","type":"image\/png"}],"author":"Eva Nieves","twitter_card":"summary_large_image","twitter_creator":"@CNAB_oficial","twitter_site":"@CNAB_oficial","twitter_misc":{"Escrit per":"Eva Nieves","Temps estimat de lectura":"1 minut"},"schema":{"@context":"https:\/\/schema.org","@graph":[{"@type":"Article","@id":"https:\/\/www.cnab.cat\/ca\/cierre-provisional-15-dias\/#article","isPartOf":{"@id":"https:\/\/www.cnab.cat\/ca\/cierre-provisional-15-dias\/"},"author":{"name":"Eva Nieves","@id":"https:\/\/www.cnab.cat\/#\/schema\/person\/b3aa7febf9506188fbbfba1284bc4af8"},"headline":"Tancament provisional 15 dies","datePublished":"2020-10-29T19:14:41+00:00","dateModified":"2024-12-16T12:55:00+00:00","mainEntityOfPage":{"@id":"https:\/\/www.cnab.cat\/ca\/cierre-provisional-15-dias\/"},"wordCount":148,"commentCount":0,"publisher":{"@id":"https:\/\/www.cnab.cat\/#organization"},"image":{"@id":"https:\/\/www.cnab.cat\/ca\/cierre-provisional-15-dias\/#primaryimage"},"thumbnailUrl":"https:\/\/www.cnab.cat\/wp-content\/uploads\/2020\/10\/Web_Tancat_Cat.png","articleSection":["\u00daltima hora"],"inLanguage":"ca"},{"@type":"WebPage","@id":"https:\/\/www.cnab.cat\/ca\/cierre-provisional-15-dias\/","url":"https:\/\/www.cnab.cat\/ca\/cierre-provisional-15-dias\/","name":"Tancament provisional 15 dies - Club Nataci\u00f3 Atl\u00e8tic-Barceloneta","isPartOf":{"@id":"https:\/\/www.cnab.cat\/#website"},"primaryImageOfPage":{"@id":"https:\/\/www.cnab.cat\/ca\/cierre-provisional-15-dias\/#primaryimage"},"image":{"@id":"https:\/\/www.cnab.cat\/ca\/cierre-provisional-15-dias\/#primaryimage"},"thumbnailUrl":"https:\/\/www.cnab.cat\/wp-content\/uploads\/2020\/10\/Web_Tancat_Cat.png","datePublished":"2020-10-29T19:14:41+00:00","dateModified":"2024-12-16T12:55:00+00:00","breadcrumb":{"@id":"https:\/\/www.cnab.cat\/ca\/cierre-provisional-15-dias\/#breadcrumb"},"inLanguage":"ca","potentialAction":[{"@type":"ReadAction","target":["https:\/\/www.cnab.cat\/ca\/cierre-provisional-15-dias\/"]}]},{"@type":"ImageObject","inLanguage":"ca","@id":"https:\/\/www.cnab.cat\/ca\/cierre-provisional-15-dias\/#primaryimage","url":"https:\/\/www.cnab.cat\/wp-content\/uploads\/2020\/10\/Web_Tancat_Cat.png","contentUrl":"https:\/\/www.cnab.cat\/wp-content\/uploads\/2020\/10\/Web_Tancat_Cat.png","width":855,"height":495},{"@type":"BreadcrumbList","@id":"https:\/\/www.cnab.cat\/ca\/cierre-provisional-15-dias\/#breadcrumb","itemListElement":[{"@type":"ListItem","position":1,"name":"Inici","item":"https:\/\/www.cnab.cat\/ca\/inici\/"},{"@type":"ListItem","position":2,"name":"Tancament provisional 15 dies"}]},{"@type":"WebSite","@id":"https:\/\/www.cnab.cat\/#website","url":"https:\/\/www.cnab.cat\/","name":"Club Nataci\u00f3 Atl\u00e8tic-Barceloneta","description":"Web del Club Nataci\u00f3 Atl\u00e8tic Barceloneta","publisher":{"@id":"https:\/\/www.cnab.cat\/#organization"},"potentialAction":[{"@type":"SearchAction","target":{"@type":"EntryPoint","urlTemplate":"https:\/\/www.cnab.cat\/?s={search_term_string}"},"query-input":{"@type":"PropertyValueSpecification","valueRequired":true,"valueName":"search_term_string"}}],"inLanguage":"ca"},{"@type":"Organization","@id":"https:\/\/www.cnab.cat\/#organization","name":"Club Nataci\u00f3 Atl\u00e8tic - Barceloneta","url":"https:\/\/www.cnab.cat\/","logo":{"@type":"ImageObject","inLanguage":"ca","@id":"https:\/\/www.cnab.cat\/#\/schema\/logo\/image\/","url":"https:\/\/www.cnab.cat\/wp-content\/uploads\/2025\/12\/cropped-CNAB_LogoNoticia-6.jpg","contentUrl":"https:\/\/www.cnab.cat\/wp-content\/uploads\/2025\/12\/cropped-CNAB_LogoNoticia-6.jpg","width":512,"height":512,"caption":"Club Nataci\u00f3 Atl\u00e8tic - Barceloneta"},"image":{"@id":"https:\/\/www.cnab.cat\/#\/schema\/logo\/image\/"},"sameAs":["https:\/\/www.facebook.com\/cnab.oficial\/","https:\/\/x.com\/CNAB_oficial","http:\/\/cnaboficial"]},{"@type":"Person","@id":"https:\/\/www.cnab.cat\/#\/schema\/person\/b3aa7febf9506188fbbfba1284bc4af8","name":"Eva Nieves","image":{"@type":"ImageObject","inLanguage":"ca","@id":"https:\/\/secure.gravatar.com\/avatar\/0b174b5b308064b2610fef6744a82de01e97b78d4532256f45a365872fdf37e3?s=96&d=mm&r=g","url":"https:\/\/secure.gravatar.com\/avatar\/0b174b5b308064b2610fef6744a82de01e97b78d4532256f45a365872fdf37e3?s=96&d=mm&r=g","contentUrl":"https:\/\/secure.gravatar.com\/avatar\/0b174b5b308064b2610fef6744a82de01e97b78d4532256f45a365872fdf37e3?s=96&d=mm&r=g","caption":"Eva Nieves"}}]}},"jetpack_featured_media_url":"https:\/\/www.cnab.cat\/wp-content\/uploads\/2020\/10\/Web_Tancat_Cat.png","_links":{"self":[{"href":"https:\/\/www.cnab.cat\/ca\/wp-json\/wp\/v2\/posts\/16270","targetHints":{"allow":["GET"]}}],"collection":[{"href":"https:\/\/www.cnab.cat\/ca\/wp-json\/wp\/v2\/posts"}],"about":[{"href":"https:\/\/www.cnab.cat\/ca\/wp-json\/wp\/v2\/types\/post"}],"author":[{"embeddable":true,"href":"https:\/\/www.cnab.cat\/ca\/wp-json\/wp\/v2\/users\/5"}],"replies":[{"embeddable":true,"href":"https:\/\/www.cnab.cat\/ca\/wp-json\/wp\/v2\/comments?post=16270"}],"version-history":[{"count":2,"href":"https:\/\/www.cnab.cat\/ca\/wp-json\/wp\/v2\/posts\/16270\/revisions"}],"predecessor-version":[{"id":16272,"href":"https:\/\/www.cnab.cat\/ca\/wp-json\/wp\/v2\/posts\/16270\/revisions\/16272"}],"wp:featuredmedia":[{"embeddable":true,"href":"https:\/\/www.cnab.cat\/ca\/wp-json\/wp\/v2\/media\/16265"}],"wp:attachment":[{"href":"https:\/\/www.cnab.cat\/ca\/wp-json\/wp\/v2\/media?parent=16270"}],"wp:term":[{"taxonomy":"category","embeddable":true,"href":"https:\/\/www.cnab.cat\/ca\/wp-json\/wp\/v2\/categories?post=16270"},{"taxonomy":"post_tag","embeddable":true,"href":"https:\/\/www.cnab.cat\/ca\/wp-json\/wp\/v2\/tags?post=16270"}],"curies":[{"name":"wp","href":"https:\/\/api.w.org\/{rel}","templated":true}]}}