{"id":3560,"date":"2012-12-27T17:07:38","date_gmt":"2012-12-27T15:07:38","guid":{"rendered":"https:\/\/cnab-dev.wwwarcelona.net\/noticias\/noticies\/victoria-a-casa-del-segon-classificat\/"},"modified":"2018-12-05T20:58:16","modified_gmt":"2018-12-05T18:58:16","slug":"victoria-a-casa-del-segon-classificat","status":"publish","type":"post","link":"https:\/\/www.cnab.cat\/ca\/victoria-a-casa-del-segon-classificat\/","title":{"rendered":"Vict\u00f2ria a casa del segon classificat"},"content":{"rendered":"<div class=\"noticia-data\"><\/div>\n<div class=\"news_desc\">\n<div align=\"left\">Amb bon joc de tot l&#39;equip el nostre Club s&#39;ha imposat a casa del C.N.Terrassa, fins avui segon classificat de la Divisi\u00f3 d&#39;Honor, per 5 gols a 9 en un partit on vuit jugadors han aconseguit perforar la porteria rival. Ara ja tenim sis punts d&#39;avantatge sobre el Sabadell i el Terrassa.<\/div>\n<\/div>\n<div class=\"news_cont\">\n<p>C.N. Terrassa <strong>7 &#8211; 6<\/strong> C.N. Atl\u00e8tic-Barceloneta<br \/>(1-3; 3-2; 1-0; 2-1)<\/p>\n<h5>C.N. Terrassa<\/h5>\n<p align=\"justify\">Michal Diakonow, Adri\u00e1n Sanz (1), Sergi Mora, Ricard Alarc\u00f3n (1), \u00d3scar Aguilar (1), Daniel Jes\u00fas Blanquez, Donat Galev, Abraham Alcaide, Jordi P\u00e9rez, Iv\u00e1n Gallego (2) i Xavier Serra.<br \/>T\u00e8cnic: Daniel Nart<\/p>\n<h5>C.N. Atl\u00e8tic-Barceloneta<\/h5>\n<p align=\"justify\">Dani L\u00f3pez, Josip Vrlic (2), Sergi Cabanas (1), Balazs Sziranyi (1), Joshua Montpeat (1), Marc Minguell, Marc Roca (1), Francisco Fern\u00e1ndez, V\u00edctor Flores (1), Felipe Perrone (1), Rub\u00e9n de Lera i Marko Petkovic (1).<br \/>T\u00e8cnic: Santiago Fern\u00e1ndez<\/p>\n<\/div>\n<p>&nbsp;<\/p>\n","protected":false},"excerpt":{"rendered":"<p>Amb bon joc de tot l&#39;equip el nostre Club s&#39;ha imposat a casa del C.N.Terrassa, fins avui segon classificat de la Divisi\u00f3 d&#39;Honor, per 5 gols a 9 en un partit on vuit jugadors han aconseguit perforar la porteria rival. Ara ja tenim sis punts d&#39;avantatge sobre el Sabadell i el Terrassa. C.N. Terrassa 7 [&hellip;]<\/p>\n","protected":false},"author":1,"featured_media":3561,"comment_status":"closed","ping_status":"closed","sticky":false,"template":"","format":"standard","meta":{"_acf_changed":false,"footnotes":""},"categories":[689],"tags":[],"class_list":["post-3560","post","type-post","status-publish","format-standard","has-post-thumbnail","hentry","category-cursos"],"acf":[],"yoast_head":"<!-- This site is optimized with the Yoast SEO plugin v27.5 - https:\/\/yoast.com\/product\/yoast-seo-wordpress\/ -->\n<title>Vict\u00f2ria a casa del segon classificat - Club Nataci\u00f3 Atl\u00e8tic-Barceloneta<\/title>\n<meta name=\"robots\" content=\"index, follow, max-snippet:-1, max-image-preview:large, max-video-preview:-1\" \/>\n<link rel=\"canonical\" href=\"https:\/\/www.cnab.cat\/ca\/victoria-a-casa-del-segon-classificat\/\" \/>\n<meta property=\"og:locale\" content=\"ca_ES\" \/>\n<meta property=\"og:type\" content=\"article\" \/>\n<meta property=\"og:title\" content=\"Vict\u00f2ria a casa del segon classificat - Club Nataci\u00f3 Atl\u00e8tic-Barceloneta\" \/>\n<meta property=\"og:description\" content=\"Amb bon joc de tot l&#039;equip el nostre Club s&#039;ha imposat a casa del C.N.Terrassa, fins avui segon classificat de la Divisi\u00f3 d&#039;Honor, per 5 gols a 9 en un partit on vuit jugadors han aconseguit perforar la porteria rival. Ara ja tenim sis punts d&#039;avantatge sobre el Sabadell i el Terrassa. C.N. Terrassa 7 [&hellip;]\" \/>\n<meta property=\"og:url\" content=\"https:\/\/www.cnab.cat\/ca\/victoria-a-casa-del-segon-classificat\/\" \/>\n<meta property=\"og:site_name\" content=\"Club Nataci\u00f3 Atl\u00e8tic-Barceloneta\" \/>\n<meta property=\"article:publisher\" content=\"https:\/\/www.facebook.com\/cnab.oficial\/\" \/>\n<meta property=\"article:published_time\" content=\"2012-12-27T15:07:38+00:00\" \/>\n<meta property=\"article:modified_time\" content=\"2018-12-05T18:58:16+00:00\" \/>\n<meta property=\"og:image\" content=\"https:\/\/www.cnab.cat\/wp-content\/uploads\/2012\/12\/DaniLopezAtleticBarcelonetaNoticia.jpg\" \/>\n\t<meta property=\"og:image:width\" content=\"130\" \/>\n\t<meta property=\"og:image:height\" content=\"96\" \/>\n\t<meta property=\"og:image:type\" content=\"image\/jpeg\" \/>\n<meta name=\"author\" content=\"crow_cnab_admin\" \/>\n<meta name=\"twitter:card\" content=\"summary_large_image\" \/>\n<meta name=\"twitter:creator\" content=\"@CNAB_oficial\" \/>\n<meta name=\"twitter:site\" content=\"@CNAB_oficial\" \/>\n<meta name=\"twitter:label1\" content=\"Escrit per\" \/>\n\t<meta name=\"twitter:data1\" content=\"crow_cnab_admin\" \/>\n\t<meta name=\"twitter:label2\" content=\"Temps estimat de lectura\" \/>\n\t<meta name=\"twitter:data2\" content=\"1 minut\" \/>\n<script type=\"application\/ld+json\" class=\"yoast-schema-graph\">{\"@context\":\"https:\\\/\\\/schema.org\",\"@graph\":[{\"@type\":\"Article\",\"@id\":\"https:\\\/\\\/www.cnab.cat\\\/ca\\\/victoria-a-casa-del-segon-classificat\\\/#article\",\"isPartOf\":{\"@id\":\"https:\\\/\\\/www.cnab.cat\\\/ca\\\/victoria-a-casa-del-segon-classificat\\\/\"},\"author\":{\"name\":\"crow_cnab_admin\",\"@id\":\"https:\\\/\\\/www.cnab.cat\\\/#\\\/schema\\\/person\\\/daa25bfd69212a70498152e1ad3c2870\"},\"headline\":\"Vict\u00f2ria a casa del segon classificat\",\"datePublished\":\"2012-12-27T15:07:38+00:00\",\"dateModified\":\"2018-12-05T18:58:16+00:00\",\"mainEntityOfPage\":{\"@id\":\"https:\\\/\\\/www.cnab.cat\\\/ca\\\/victoria-a-casa-del-segon-classificat\\\/\"},\"wordCount\":151,\"publisher\":{\"@id\":\"https:\\\/\\\/www.cnab.cat\\\/#organization\"},\"image\":{\"@id\":\"https:\\\/\\\/www.cnab.cat\\\/ca\\\/victoria-a-casa-del-segon-classificat\\\/#primaryimage\"},\"thumbnailUrl\":\"https:\\\/\\\/www.cnab.cat\\\/wp-content\\\/uploads\\\/2012\\\/12\\\/DaniLopezAtleticBarcelonetaNoticia.jpg\",\"articleSection\":[\"Cursos especials\"],\"inLanguage\":\"ca\"},{\"@type\":\"WebPage\",\"@id\":\"https:\\\/\\\/www.cnab.cat\\\/ca\\\/victoria-a-casa-del-segon-classificat\\\/\",\"url\":\"https:\\\/\\\/www.cnab.cat\\\/ca\\\/victoria-a-casa-del-segon-classificat\\\/\",\"name\":\"Vict\u00f2ria a casa del segon classificat - Club Nataci\u00f3 Atl\u00e8tic-Barceloneta\",\"isPartOf\":{\"@id\":\"https:\\\/\\\/www.cnab.cat\\\/#website\"},\"primaryImageOfPage\":{\"@id\":\"https:\\\/\\\/www.cnab.cat\\\/ca\\\/victoria-a-casa-del-segon-classificat\\\/#primaryimage\"},\"image\":{\"@id\":\"https:\\\/\\\/www.cnab.cat\\\/ca\\\/victoria-a-casa-del-segon-classificat\\\/#primaryimage\"},\"thumbnailUrl\":\"https:\\\/\\\/www.cnab.cat\\\/wp-content\\\/uploads\\\/2012\\\/12\\\/DaniLopezAtleticBarcelonetaNoticia.jpg\",\"datePublished\":\"2012-12-27T15:07:38+00:00\",\"dateModified\":\"2018-12-05T18:58:16+00:00\",\"breadcrumb\":{\"@id\":\"https:\\\/\\\/www.cnab.cat\\\/ca\\\/victoria-a-casa-del-segon-classificat\\\/#breadcrumb\"},\"inLanguage\":\"ca\",\"potentialAction\":[{\"@type\":\"ReadAction\",\"target\":[\"https:\\\/\\\/www.cnab.cat\\\/ca\\\/victoria-a-casa-del-segon-classificat\\\/\"]}]},{\"@type\":\"ImageObject\",\"inLanguage\":\"ca\",\"@id\":\"https:\\\/\\\/www.cnab.cat\\\/ca\\\/victoria-a-casa-del-segon-classificat\\\/#primaryimage\",\"url\":\"https:\\\/\\\/www.cnab.cat\\\/wp-content\\\/uploads\\\/2012\\\/12\\\/DaniLopezAtleticBarcelonetaNoticia.jpg\",\"contentUrl\":\"https:\\\/\\\/www.cnab.cat\\\/wp-content\\\/uploads\\\/2012\\\/12\\\/DaniLopezAtleticBarcelonetaNoticia.jpg\",\"width\":130,\"height\":96,\"caption\":\"DaniLopezAtleticBarcelonetaNoticia.jpg\"},{\"@type\":\"BreadcrumbList\",\"@id\":\"https:\\\/\\\/www.cnab.cat\\\/ca\\\/victoria-a-casa-del-segon-classificat\\\/#breadcrumb\",\"itemListElement\":[{\"@type\":\"ListItem\",\"position\":1,\"name\":\"Inici\",\"item\":\"https:\\\/\\\/www.cnab.cat\\\/ca\\\/inici\\\/\"},{\"@type\":\"ListItem\",\"position\":2,\"name\":\"Vict\u00f2ria a casa del segon classificat\"}]},{\"@type\":\"WebSite\",\"@id\":\"https:\\\/\\\/www.cnab.cat\\\/#website\",\"url\":\"https:\\\/\\\/www.cnab.cat\\\/\",\"name\":\"Club Nataci\u00f3 Atl\u00e8tic-Barceloneta\",\"description\":\"Web del Club Nataci\u00f3 Atl\u00e8tic Barceloneta\",\"publisher\":{\"@id\":\"https:\\\/\\\/www.cnab.cat\\\/#organization\"},\"potentialAction\":[{\"@type\":\"SearchAction\",\"target\":{\"@type\":\"EntryPoint\",\"urlTemplate\":\"https:\\\/\\\/www.cnab.cat\\\/?s={search_term_string}\"},\"query-input\":{\"@type\":\"PropertyValueSpecification\",\"valueRequired\":true,\"valueName\":\"search_term_string\"}}],\"inLanguage\":\"ca\"},{\"@type\":\"Organization\",\"@id\":\"https:\\\/\\\/www.cnab.cat\\\/#organization\",\"name\":\"Club Nataci\u00f3 Atl\u00e8tic - Barceloneta\",\"url\":\"https:\\\/\\\/www.cnab.cat\\\/\",\"logo\":{\"@type\":\"ImageObject\",\"inLanguage\":\"ca\",\"@id\":\"https:\\\/\\\/www.cnab.cat\\\/#\\\/schema\\\/logo\\\/image\\\/\",\"url\":\"https:\\\/\\\/www.cnab.cat\\\/wp-content\\\/uploads\\\/2025\\\/12\\\/cropped-CNAB_LogoNoticia-6.jpg\",\"contentUrl\":\"https:\\\/\\\/www.cnab.cat\\\/wp-content\\\/uploads\\\/2025\\\/12\\\/cropped-CNAB_LogoNoticia-6.jpg\",\"width\":512,\"height\":512,\"caption\":\"Club Nataci\u00f3 Atl\u00e8tic - Barceloneta\"},\"image\":{\"@id\":\"https:\\\/\\\/www.cnab.cat\\\/#\\\/schema\\\/logo\\\/image\\\/\"},\"sameAs\":[\"https:\\\/\\\/www.facebook.com\\\/cnab.oficial\\\/\",\"https:\\\/\\\/x.com\\\/CNAB_oficial\",\"http:\\\/\\\/cnaboficial\"]},{\"@type\":\"Person\",\"@id\":\"https:\\\/\\\/www.cnab.cat\\\/#\\\/schema\\\/person\\\/daa25bfd69212a70498152e1ad3c2870\",\"name\":\"crow_cnab_admin\",\"image\":{\"@type\":\"ImageObject\",\"inLanguage\":\"ca\",\"@id\":\"https:\\\/\\\/secure.gravatar.com\\\/avatar\\\/1755c60693440c972ebf9a6352b4de9664269c7aa3c5c40ebc6d13283badf4dd?s=96&d=mm&r=g\",\"url\":\"https:\\\/\\\/secure.gravatar.com\\\/avatar\\\/1755c60693440c972ebf9a6352b4de9664269c7aa3c5c40ebc6d13283badf4dd?s=96&d=mm&r=g\",\"contentUrl\":\"https:\\\/\\\/secure.gravatar.com\\\/avatar\\\/1755c60693440c972ebf9a6352b4de9664269c7aa3c5c40ebc6d13283badf4dd?s=96&d=mm&r=g\",\"caption\":\"crow_cnab_admin\"}}]}<\/script>\n<!-- \/ Yoast SEO plugin. -->","yoast_head_json":{"title":"Vict\u00f2ria a casa del segon classificat - Club Nataci\u00f3 Atl\u00e8tic-Barceloneta","robots":{"index":"index","follow":"follow","max-snippet":"max-snippet:-1","max-image-preview":"max-image-preview:large","max-video-preview":"max-video-preview:-1"},"canonical":"https:\/\/www.cnab.cat\/ca\/victoria-a-casa-del-segon-classificat\/","og_locale":"ca_ES","og_type":"article","og_title":"Vict\u00f2ria a casa del segon classificat - Club Nataci\u00f3 Atl\u00e8tic-Barceloneta","og_description":"Amb bon joc de tot l&#39;equip el nostre Club s&#39;ha imposat a casa del C.N.Terrassa, fins avui segon classificat de la Divisi\u00f3 d&#39;Honor, per 5 gols a 9 en un partit on vuit jugadors han aconseguit perforar la porteria rival. Ara ja tenim sis punts d&#39;avantatge sobre el Sabadell i el Terrassa. C.N. Terrassa 7 [&hellip;]","og_url":"https:\/\/www.cnab.cat\/ca\/victoria-a-casa-del-segon-classificat\/","og_site_name":"Club Nataci\u00f3 Atl\u00e8tic-Barceloneta","article_publisher":"https:\/\/www.facebook.com\/cnab.oficial\/","article_published_time":"2012-12-27T15:07:38+00:00","article_modified_time":"2018-12-05T18:58:16+00:00","og_image":[{"width":130,"height":96,"url":"https:\/\/www.cnab.cat\/wp-content\/uploads\/2012\/12\/DaniLopezAtleticBarcelonetaNoticia.jpg","type":"image\/jpeg"}],"author":"crow_cnab_admin","twitter_card":"summary_large_image","twitter_creator":"@CNAB_oficial","twitter_site":"@CNAB_oficial","twitter_misc":{"Escrit per":"crow_cnab_admin","Temps estimat de lectura":"1 minut"},"schema":{"@context":"https:\/\/schema.org","@graph":[{"@type":"Article","@id":"https:\/\/www.cnab.cat\/ca\/victoria-a-casa-del-segon-classificat\/#article","isPartOf":{"@id":"https:\/\/www.cnab.cat\/ca\/victoria-a-casa-del-segon-classificat\/"},"author":{"name":"crow_cnab_admin","@id":"https:\/\/www.cnab.cat\/#\/schema\/person\/daa25bfd69212a70498152e1ad3c2870"},"headline":"Vict\u00f2ria a casa del segon classificat","datePublished":"2012-12-27T15:07:38+00:00","dateModified":"2018-12-05T18:58:16+00:00","mainEntityOfPage":{"@id":"https:\/\/www.cnab.cat\/ca\/victoria-a-casa-del-segon-classificat\/"},"wordCount":151,"publisher":{"@id":"https:\/\/www.cnab.cat\/#organization"},"image":{"@id":"https:\/\/www.cnab.cat\/ca\/victoria-a-casa-del-segon-classificat\/#primaryimage"},"thumbnailUrl":"https:\/\/www.cnab.cat\/wp-content\/uploads\/2012\/12\/DaniLopezAtleticBarcelonetaNoticia.jpg","articleSection":["Cursos especials"],"inLanguage":"ca"},{"@type":"WebPage","@id":"https:\/\/www.cnab.cat\/ca\/victoria-a-casa-del-segon-classificat\/","url":"https:\/\/www.cnab.cat\/ca\/victoria-a-casa-del-segon-classificat\/","name":"Vict\u00f2ria a casa del segon classificat - Club Nataci\u00f3 Atl\u00e8tic-Barceloneta","isPartOf":{"@id":"https:\/\/www.cnab.cat\/#website"},"primaryImageOfPage":{"@id":"https:\/\/www.cnab.cat\/ca\/victoria-a-casa-del-segon-classificat\/#primaryimage"},"image":{"@id":"https:\/\/www.cnab.cat\/ca\/victoria-a-casa-del-segon-classificat\/#primaryimage"},"thumbnailUrl":"https:\/\/www.cnab.cat\/wp-content\/uploads\/2012\/12\/DaniLopezAtleticBarcelonetaNoticia.jpg","datePublished":"2012-12-27T15:07:38+00:00","dateModified":"2018-12-05T18:58:16+00:00","breadcrumb":{"@id":"https:\/\/www.cnab.cat\/ca\/victoria-a-casa-del-segon-classificat\/#breadcrumb"},"inLanguage":"ca","potentialAction":[{"@type":"ReadAction","target":["https:\/\/www.cnab.cat\/ca\/victoria-a-casa-del-segon-classificat\/"]}]},{"@type":"ImageObject","inLanguage":"ca","@id":"https:\/\/www.cnab.cat\/ca\/victoria-a-casa-del-segon-classificat\/#primaryimage","url":"https:\/\/www.cnab.cat\/wp-content\/uploads\/2012\/12\/DaniLopezAtleticBarcelonetaNoticia.jpg","contentUrl":"https:\/\/www.cnab.cat\/wp-content\/uploads\/2012\/12\/DaniLopezAtleticBarcelonetaNoticia.jpg","width":130,"height":96,"caption":"DaniLopezAtleticBarcelonetaNoticia.jpg"},{"@type":"BreadcrumbList","@id":"https:\/\/www.cnab.cat\/ca\/victoria-a-casa-del-segon-classificat\/#breadcrumb","itemListElement":[{"@type":"ListItem","position":1,"name":"Inici","item":"https:\/\/www.cnab.cat\/ca\/inici\/"},{"@type":"ListItem","position":2,"name":"Vict\u00f2ria a casa del segon classificat"}]},{"@type":"WebSite","@id":"https:\/\/www.cnab.cat\/#website","url":"https:\/\/www.cnab.cat\/","name":"Club Nataci\u00f3 Atl\u00e8tic-Barceloneta","description":"Web del Club Nataci\u00f3 Atl\u00e8tic Barceloneta","publisher":{"@id":"https:\/\/www.cnab.cat\/#organization"},"potentialAction":[{"@type":"SearchAction","target":{"@type":"EntryPoint","urlTemplate":"https:\/\/www.cnab.cat\/?s={search_term_string}"},"query-input":{"@type":"PropertyValueSpecification","valueRequired":true,"valueName":"search_term_string"}}],"inLanguage":"ca"},{"@type":"Organization","@id":"https:\/\/www.cnab.cat\/#organization","name":"Club Nataci\u00f3 Atl\u00e8tic - Barceloneta","url":"https:\/\/www.cnab.cat\/","logo":{"@type":"ImageObject","inLanguage":"ca","@id":"https:\/\/www.cnab.cat\/#\/schema\/logo\/image\/","url":"https:\/\/www.cnab.cat\/wp-content\/uploads\/2025\/12\/cropped-CNAB_LogoNoticia-6.jpg","contentUrl":"https:\/\/www.cnab.cat\/wp-content\/uploads\/2025\/12\/cropped-CNAB_LogoNoticia-6.jpg","width":512,"height":512,"caption":"Club Nataci\u00f3 Atl\u00e8tic - Barceloneta"},"image":{"@id":"https:\/\/www.cnab.cat\/#\/schema\/logo\/image\/"},"sameAs":["https:\/\/www.facebook.com\/cnab.oficial\/","https:\/\/x.com\/CNAB_oficial","http:\/\/cnaboficial"]},{"@type":"Person","@id":"https:\/\/www.cnab.cat\/#\/schema\/person\/daa25bfd69212a70498152e1ad3c2870","name":"crow_cnab_admin","image":{"@type":"ImageObject","inLanguage":"ca","@id":"https:\/\/secure.gravatar.com\/avatar\/1755c60693440c972ebf9a6352b4de9664269c7aa3c5c40ebc6d13283badf4dd?s=96&d=mm&r=g","url":"https:\/\/secure.gravatar.com\/avatar\/1755c60693440c972ebf9a6352b4de9664269c7aa3c5c40ebc6d13283badf4dd?s=96&d=mm&r=g","contentUrl":"https:\/\/secure.gravatar.com\/avatar\/1755c60693440c972ebf9a6352b4de9664269c7aa3c5c40ebc6d13283badf4dd?s=96&d=mm&r=g","caption":"crow_cnab_admin"}}]}},"jetpack_featured_media_url":"https:\/\/www.cnab.cat\/wp-content\/uploads\/2012\/12\/DaniLopezAtleticBarcelonetaNoticia.jpg","_links":{"self":[{"href":"https:\/\/www.cnab.cat\/ca\/wp-json\/wp\/v2\/posts\/3560","targetHints":{"allow":["GET"]}}],"collection":[{"href":"https:\/\/www.cnab.cat\/ca\/wp-json\/wp\/v2\/posts"}],"about":[{"href":"https:\/\/www.cnab.cat\/ca\/wp-json\/wp\/v2\/types\/post"}],"author":[{"embeddable":true,"href":"https:\/\/www.cnab.cat\/ca\/wp-json\/wp\/v2\/users\/1"}],"replies":[{"embeddable":true,"href":"https:\/\/www.cnab.cat\/ca\/wp-json\/wp\/v2\/comments?post=3560"}],"version-history":[{"count":1,"href":"https:\/\/www.cnab.cat\/ca\/wp-json\/wp\/v2\/posts\/3560\/revisions"}],"predecessor-version":[{"id":6684,"href":"https:\/\/www.cnab.cat\/ca\/wp-json\/wp\/v2\/posts\/3560\/revisions\/6684"}],"wp:featuredmedia":[{"embeddable":true,"href":"https:\/\/www.cnab.cat\/ca\/wp-json\/wp\/v2\/media\/3561"}],"wp:attachment":[{"href":"https:\/\/www.cnab.cat\/ca\/wp-json\/wp\/v2\/media?parent=3560"}],"wp:term":[{"taxonomy":"category","embeddable":true,"href":"https:\/\/www.cnab.cat\/ca\/wp-json\/wp\/v2\/categories?post=3560"},{"taxonomy":"post_tag","embeddable":true,"href":"https:\/\/www.cnab.cat\/ca\/wp-json\/wp\/v2\/tags?post=3560"}],"curies":[{"name":"wp","href":"https:\/\/api.w.org\/{rel}","templated":true}]}}