{"id":4855,"date":"2015-04-20T11:00:44","date_gmt":"2015-04-20T09:00:44","guid":{"rendered":"https:\/\/cnab-dev.wwwarcelona.net\/noticias\/noticies\/compte-enrere-de-la-final-six-de-waterpolo\/"},"modified":"2024-12-16T15:31:10","modified_gmt":"2024-12-16T14:31:10","slug":"compte-enrere-de-la-final-six-de-waterpolo","status":"publish","type":"post","link":"https:\/\/www.cnab.cat\/ca\/compte-enrere-de-la-final-six-de-waterpolo\/","title":{"rendered":"Compte enrere de la Final Six de Waterpolo"},"content":{"rendered":"<\/p>\n<p>Aquest mat\u00ed s&rsquo;ha presentat la Final Six de Waterpolo 2015 a l&rsquo;estand de l&rsquo;Ajuntament de Barcelona al Village del Trofeu Comte de God\u00f3 de Tennis.<\/p>\n<p>La Final Six Waterpolo Champions League arriba a Barcelona per segon any consecutiu. Els propers dies 28, 29 i 30 de maig a les Piscines Municipals Bernat Picornell, els sis millors equips europeus de waterpolo disputaran la fase final de la m\u00e0xima competici\u00f3 continental per clubs.<\/p>\n<p>El Club Nataci\u00f3 Atl\u00e8tic-Barceloneta (CNAB) reprenem el repte d&rsquo;organitzar aquest gran esdeveniment, despr\u00e9s d&rsquo;organitzar la primera Final Six de la LEN Champions League 2014 i la Final Four de l&rsquo;Euro League el 2008.<\/p>\n<p>A l&rsquo;acte han assistit la Tinenta d&rsquo;Alcalde de Qualitat de Vida, Igualtat i Esports de l&rsquo;Ajuntament de Barcelona, Maite Fandos, el President de la Federaci\u00f3 Catalana de Nataci\u00f3, Enric Bertran, el Vicepresident de la Real Federaci\u00f3 Espanyola de Nataci\u00f3, Pere Robert, el nostre President, Juli\u00e1n Garc\u00eda, i l&rsquo;equip dal complet.<br \/>\n\tMaite Fandos ha manifestat que l&rsquo;Ajuntament de Barcelona torna a estar al costat del waterpolo, tant en la Final Six d&rsquo;enguany com en l&rsquo;organitzaci\u00f3 dels Campionats d&rsquo;Europa de Waterpolo 2018 i tamb\u00e9 en la promoci\u00f3 d&rsquo;aquest esport en els diferents programes impulsats des del consistori.<br \/>\n\tPere Robert ha afirmat que la celebraci\u00f3 d&rsquo;esdeveniments d&rsquo;aquestes caracter\u00edstiques ofereixen als amants del waterpolo el m\u00e9s alt nivell de joc, emoci\u00f3 i espectacle.<br \/>\n\tEnric Bertr\u00e1n ha desitjat que la LEN Final Six Barcelona 2015 torni a ser un \u00e8xit esportiu i alhora organitzatiu.<br \/>\n\tPer la seva part, Juli\u00e1n Garc\u00eda ha expressat el desig de tornar a omplir les Piscines Bernat Picornell per a veure el millor waterpolo del continent.<br \/>\n\tDani Pinedo, capit\u00e0 de l&#39;equip, ha convidat a tothom a que pugi a la muntanya de Montju\u00efc per viure d&rsquo;a prop l&rsquo;espectacle. El millor waterpolo torna a Barcelona, una de les ciutats referents a nivell mundial d&rsquo;aquest esport.<\/p>\n<p>Font: www.bcnwaterpolofinal6.com<\/p>\n","protected":false},"excerpt":{"rendered":"<p>Aquest mat\u00ed s&rsquo;ha presentat la Final Six de Waterpolo 2015 a l&rsquo;estand de l&rsquo;Ajuntament de Barcelona al Village del Trofeu Comte de God\u00f3 de Tennis. La Final Six Waterpolo Champions League arriba a Barcelona per segon any consecutiu. Els propers dies 28, 29 i 30 de maig a les Piscines Municipals Bernat Picornell, els sis [&hellip;]<\/p>\n","protected":false},"author":1,"featured_media":4856,"comment_status":"closed","ping_status":"closed","sticky":false,"template":"","format":"standard","meta":{"_acf_changed":false,"footnotes":""},"categories":[687],"tags":[],"class_list":["post-4855","post","type-post","status-publish","format-standard","has-post-thumbnail","hentry","category-competicio-waterpolo"],"acf":[],"yoast_head":"<!-- This site is optimized with the Yoast SEO plugin v27.5 - https:\/\/yoast.com\/product\/yoast-seo-wordpress\/ -->\n<title>Compte enrere de la Final Six de Waterpolo - Club Nataci\u00f3 Atl\u00e8tic-Barceloneta<\/title>\n<meta name=\"robots\" content=\"index, follow, max-snippet:-1, max-image-preview:large, max-video-preview:-1\" \/>\n<link rel=\"canonical\" href=\"https:\/\/www.cnab.cat\/ca\/compte-enrere-de-la-final-six-de-waterpolo\/\" \/>\n<meta property=\"og:locale\" content=\"ca_ES\" \/>\n<meta property=\"og:type\" content=\"article\" \/>\n<meta property=\"og:title\" content=\"Compte enrere de la Final Six de Waterpolo - Club Nataci\u00f3 Atl\u00e8tic-Barceloneta\" \/>\n<meta property=\"og:description\" content=\"Aquest mat\u00ed s&rsquo;ha presentat la Final Six de Waterpolo 2015 a l&rsquo;estand de l&rsquo;Ajuntament de Barcelona al Village del Trofeu Comte de God\u00f3 de Tennis. La Final Six Waterpolo Champions League arriba a Barcelona per segon any consecutiu. Els propers dies 28, 29 i 30 de maig a les Piscines Municipals Bernat Picornell, els sis [&hellip;]\" \/>\n<meta property=\"og:url\" content=\"https:\/\/www.cnab.cat\/ca\/compte-enrere-de-la-final-six-de-waterpolo\/\" \/>\n<meta property=\"og:site_name\" content=\"Club Nataci\u00f3 Atl\u00e8tic-Barceloneta\" \/>\n<meta property=\"article:publisher\" content=\"https:\/\/www.facebook.com\/cnab.oficial\/\" \/>\n<meta property=\"article:published_time\" content=\"2015-04-20T09:00:44+00:00\" \/>\n<meta property=\"article:modified_time\" content=\"2024-12-16T14:31:10+00:00\" \/>\n<meta property=\"og:image\" content=\"https:\/\/www.cnab.cat\/wp-content\/uploads\/2015\/04\/noticia_copia_1.jpg\" \/>\n\t<meta property=\"og:image:width\" content=\"360\" \/>\n\t<meta property=\"og:image:height\" content=\"266\" \/>\n\t<meta property=\"og:image:type\" content=\"image\/jpeg\" \/>\n<meta name=\"author\" content=\"crow_cnab_admin\" \/>\n<meta name=\"twitter:card\" content=\"summary_large_image\" \/>\n<meta name=\"twitter:creator\" content=\"@CNAB_oficial\" \/>\n<meta name=\"twitter:site\" content=\"@CNAB_oficial\" \/>\n<meta name=\"twitter:label1\" content=\"Escrit per\" \/>\n\t<meta name=\"twitter:data1\" content=\"crow_cnab_admin\" \/>\n\t<meta name=\"twitter:label2\" content=\"Temps estimat de lectura\" \/>\n\t<meta name=\"twitter:data2\" content=\"2 minuts\" \/>\n<script type=\"application\/ld+json\" class=\"yoast-schema-graph\">{\"@context\":\"https:\\\/\\\/schema.org\",\"@graph\":[{\"@type\":\"Article\",\"@id\":\"https:\\\/\\\/www.cnab.cat\\\/ca\\\/compte-enrere-de-la-final-six-de-waterpolo\\\/#article\",\"isPartOf\":{\"@id\":\"https:\\\/\\\/www.cnab.cat\\\/ca\\\/compte-enrere-de-la-final-six-de-waterpolo\\\/\"},\"author\":{\"name\":\"crow_cnab_admin\",\"@id\":\"https:\\\/\\\/www.cnab.cat\\\/#\\\/schema\\\/person\\\/daa25bfd69212a70498152e1ad3c2870\"},\"headline\":\"Compte enrere de la Final Six de Waterpolo\",\"datePublished\":\"2015-04-20T09:00:44+00:00\",\"dateModified\":\"2024-12-16T14:31:10+00:00\",\"mainEntityOfPage\":{\"@id\":\"https:\\\/\\\/www.cnab.cat\\\/ca\\\/compte-enrere-de-la-final-six-de-waterpolo\\\/\"},\"wordCount\":363,\"publisher\":{\"@id\":\"https:\\\/\\\/www.cnab.cat\\\/#organization\"},\"image\":{\"@id\":\"https:\\\/\\\/www.cnab.cat\\\/ca\\\/compte-enrere-de-la-final-six-de-waterpolo\\\/#primaryimage\"},\"thumbnailUrl\":\"https:\\\/\\\/www.cnab.cat\\\/wp-content\\\/uploads\\\/2015\\\/04\\\/noticia_copia_1.jpg\",\"articleSection\":[\"Waterpolo\"],\"inLanguage\":\"ca\"},{\"@type\":\"WebPage\",\"@id\":\"https:\\\/\\\/www.cnab.cat\\\/ca\\\/compte-enrere-de-la-final-six-de-waterpolo\\\/\",\"url\":\"https:\\\/\\\/www.cnab.cat\\\/ca\\\/compte-enrere-de-la-final-six-de-waterpolo\\\/\",\"name\":\"Compte enrere de la Final Six de Waterpolo - Club Nataci\u00f3 Atl\u00e8tic-Barceloneta\",\"isPartOf\":{\"@id\":\"https:\\\/\\\/www.cnab.cat\\\/#website\"},\"primaryImageOfPage\":{\"@id\":\"https:\\\/\\\/www.cnab.cat\\\/ca\\\/compte-enrere-de-la-final-six-de-waterpolo\\\/#primaryimage\"},\"image\":{\"@id\":\"https:\\\/\\\/www.cnab.cat\\\/ca\\\/compte-enrere-de-la-final-six-de-waterpolo\\\/#primaryimage\"},\"thumbnailUrl\":\"https:\\\/\\\/www.cnab.cat\\\/wp-content\\\/uploads\\\/2015\\\/04\\\/noticia_copia_1.jpg\",\"datePublished\":\"2015-04-20T09:00:44+00:00\",\"dateModified\":\"2024-12-16T14:31:10+00:00\",\"breadcrumb\":{\"@id\":\"https:\\\/\\\/www.cnab.cat\\\/ca\\\/compte-enrere-de-la-final-six-de-waterpolo\\\/#breadcrumb\"},\"inLanguage\":\"ca\",\"potentialAction\":[{\"@type\":\"ReadAction\",\"target\":[\"https:\\\/\\\/www.cnab.cat\\\/ca\\\/compte-enrere-de-la-final-six-de-waterpolo\\\/\"]}]},{\"@type\":\"ImageObject\",\"inLanguage\":\"ca\",\"@id\":\"https:\\\/\\\/www.cnab.cat\\\/ca\\\/compte-enrere-de-la-final-six-de-waterpolo\\\/#primaryimage\",\"url\":\"https:\\\/\\\/www.cnab.cat\\\/wp-content\\\/uploads\\\/2015\\\/04\\\/noticia_copia_1.jpg\",\"contentUrl\":\"https:\\\/\\\/www.cnab.cat\\\/wp-content\\\/uploads\\\/2015\\\/04\\\/noticia_copia_1.jpg\",\"width\":360,\"height\":266,\"caption\":\"noticia_copia.jpg\"},{\"@type\":\"BreadcrumbList\",\"@id\":\"https:\\\/\\\/www.cnab.cat\\\/ca\\\/compte-enrere-de-la-final-six-de-waterpolo\\\/#breadcrumb\",\"itemListElement\":[{\"@type\":\"ListItem\",\"position\":1,\"name\":\"Inici\",\"item\":\"https:\\\/\\\/www.cnab.cat\\\/ca\\\/inici\\\/\"},{\"@type\":\"ListItem\",\"position\":2,\"name\":\"Compte enrere de la Final Six de Waterpolo\"}]},{\"@type\":\"WebSite\",\"@id\":\"https:\\\/\\\/www.cnab.cat\\\/#website\",\"url\":\"https:\\\/\\\/www.cnab.cat\\\/\",\"name\":\"Club Nataci\u00f3 Atl\u00e8tic-Barceloneta\",\"description\":\"Web del Club Nataci\u00f3 Atl\u00e8tic Barceloneta\",\"publisher\":{\"@id\":\"https:\\\/\\\/www.cnab.cat\\\/#organization\"},\"potentialAction\":[{\"@type\":\"SearchAction\",\"target\":{\"@type\":\"EntryPoint\",\"urlTemplate\":\"https:\\\/\\\/www.cnab.cat\\\/?s={search_term_string}\"},\"query-input\":{\"@type\":\"PropertyValueSpecification\",\"valueRequired\":true,\"valueName\":\"search_term_string\"}}],\"inLanguage\":\"ca\"},{\"@type\":\"Organization\",\"@id\":\"https:\\\/\\\/www.cnab.cat\\\/#organization\",\"name\":\"Club Nataci\u00f3 Atl\u00e8tic - Barceloneta\",\"url\":\"https:\\\/\\\/www.cnab.cat\\\/\",\"logo\":{\"@type\":\"ImageObject\",\"inLanguage\":\"ca\",\"@id\":\"https:\\\/\\\/www.cnab.cat\\\/#\\\/schema\\\/logo\\\/image\\\/\",\"url\":\"https:\\\/\\\/www.cnab.cat\\\/wp-content\\\/uploads\\\/2025\\\/12\\\/cropped-CNAB_LogoNoticia-6.jpg\",\"contentUrl\":\"https:\\\/\\\/www.cnab.cat\\\/wp-content\\\/uploads\\\/2025\\\/12\\\/cropped-CNAB_LogoNoticia-6.jpg\",\"width\":512,\"height\":512,\"caption\":\"Club Nataci\u00f3 Atl\u00e8tic - Barceloneta\"},\"image\":{\"@id\":\"https:\\\/\\\/www.cnab.cat\\\/#\\\/schema\\\/logo\\\/image\\\/\"},\"sameAs\":[\"https:\\\/\\\/www.facebook.com\\\/cnab.oficial\\\/\",\"https:\\\/\\\/x.com\\\/CNAB_oficial\",\"http:\\\/\\\/cnaboficial\"]},{\"@type\":\"Person\",\"@id\":\"https:\\\/\\\/www.cnab.cat\\\/#\\\/schema\\\/person\\\/daa25bfd69212a70498152e1ad3c2870\",\"name\":\"crow_cnab_admin\",\"image\":{\"@type\":\"ImageObject\",\"inLanguage\":\"ca\",\"@id\":\"https:\\\/\\\/secure.gravatar.com\\\/avatar\\\/1755c60693440c972ebf9a6352b4de9664269c7aa3c5c40ebc6d13283badf4dd?s=96&d=mm&r=g\",\"url\":\"https:\\\/\\\/secure.gravatar.com\\\/avatar\\\/1755c60693440c972ebf9a6352b4de9664269c7aa3c5c40ebc6d13283badf4dd?s=96&d=mm&r=g\",\"contentUrl\":\"https:\\\/\\\/secure.gravatar.com\\\/avatar\\\/1755c60693440c972ebf9a6352b4de9664269c7aa3c5c40ebc6d13283badf4dd?s=96&d=mm&r=g\",\"caption\":\"crow_cnab_admin\"}}]}<\/script>\n<!-- \/ Yoast SEO plugin. -->","yoast_head_json":{"title":"Compte enrere de la Final Six de Waterpolo - Club Nataci\u00f3 Atl\u00e8tic-Barceloneta","robots":{"index":"index","follow":"follow","max-snippet":"max-snippet:-1","max-image-preview":"max-image-preview:large","max-video-preview":"max-video-preview:-1"},"canonical":"https:\/\/www.cnab.cat\/ca\/compte-enrere-de-la-final-six-de-waterpolo\/","og_locale":"ca_ES","og_type":"article","og_title":"Compte enrere de la Final Six de Waterpolo - Club Nataci\u00f3 Atl\u00e8tic-Barceloneta","og_description":"Aquest mat\u00ed s&rsquo;ha presentat la Final Six de Waterpolo 2015 a l&rsquo;estand de l&rsquo;Ajuntament de Barcelona al Village del Trofeu Comte de God\u00f3 de Tennis. La Final Six Waterpolo Champions League arriba a Barcelona per segon any consecutiu. Els propers dies 28, 29 i 30 de maig a les Piscines Municipals Bernat Picornell, els sis [&hellip;]","og_url":"https:\/\/www.cnab.cat\/ca\/compte-enrere-de-la-final-six-de-waterpolo\/","og_site_name":"Club Nataci\u00f3 Atl\u00e8tic-Barceloneta","article_publisher":"https:\/\/www.facebook.com\/cnab.oficial\/","article_published_time":"2015-04-20T09:00:44+00:00","article_modified_time":"2024-12-16T14:31:10+00:00","og_image":[{"width":360,"height":266,"url":"https:\/\/www.cnab.cat\/wp-content\/uploads\/2015\/04\/noticia_copia_1.jpg","type":"image\/jpeg"}],"author":"crow_cnab_admin","twitter_card":"summary_large_image","twitter_creator":"@CNAB_oficial","twitter_site":"@CNAB_oficial","twitter_misc":{"Escrit per":"crow_cnab_admin","Temps estimat de lectura":"2 minuts"},"schema":{"@context":"https:\/\/schema.org","@graph":[{"@type":"Article","@id":"https:\/\/www.cnab.cat\/ca\/compte-enrere-de-la-final-six-de-waterpolo\/#article","isPartOf":{"@id":"https:\/\/www.cnab.cat\/ca\/compte-enrere-de-la-final-six-de-waterpolo\/"},"author":{"name":"crow_cnab_admin","@id":"https:\/\/www.cnab.cat\/#\/schema\/person\/daa25bfd69212a70498152e1ad3c2870"},"headline":"Compte enrere de la Final Six de Waterpolo","datePublished":"2015-04-20T09:00:44+00:00","dateModified":"2024-12-16T14:31:10+00:00","mainEntityOfPage":{"@id":"https:\/\/www.cnab.cat\/ca\/compte-enrere-de-la-final-six-de-waterpolo\/"},"wordCount":363,"publisher":{"@id":"https:\/\/www.cnab.cat\/#organization"},"image":{"@id":"https:\/\/www.cnab.cat\/ca\/compte-enrere-de-la-final-six-de-waterpolo\/#primaryimage"},"thumbnailUrl":"https:\/\/www.cnab.cat\/wp-content\/uploads\/2015\/04\/noticia_copia_1.jpg","articleSection":["Waterpolo"],"inLanguage":"ca"},{"@type":"WebPage","@id":"https:\/\/www.cnab.cat\/ca\/compte-enrere-de-la-final-six-de-waterpolo\/","url":"https:\/\/www.cnab.cat\/ca\/compte-enrere-de-la-final-six-de-waterpolo\/","name":"Compte enrere de la Final Six de Waterpolo - Club Nataci\u00f3 Atl\u00e8tic-Barceloneta","isPartOf":{"@id":"https:\/\/www.cnab.cat\/#website"},"primaryImageOfPage":{"@id":"https:\/\/www.cnab.cat\/ca\/compte-enrere-de-la-final-six-de-waterpolo\/#primaryimage"},"image":{"@id":"https:\/\/www.cnab.cat\/ca\/compte-enrere-de-la-final-six-de-waterpolo\/#primaryimage"},"thumbnailUrl":"https:\/\/www.cnab.cat\/wp-content\/uploads\/2015\/04\/noticia_copia_1.jpg","datePublished":"2015-04-20T09:00:44+00:00","dateModified":"2024-12-16T14:31:10+00:00","breadcrumb":{"@id":"https:\/\/www.cnab.cat\/ca\/compte-enrere-de-la-final-six-de-waterpolo\/#breadcrumb"},"inLanguage":"ca","potentialAction":[{"@type":"ReadAction","target":["https:\/\/www.cnab.cat\/ca\/compte-enrere-de-la-final-six-de-waterpolo\/"]}]},{"@type":"ImageObject","inLanguage":"ca","@id":"https:\/\/www.cnab.cat\/ca\/compte-enrere-de-la-final-six-de-waterpolo\/#primaryimage","url":"https:\/\/www.cnab.cat\/wp-content\/uploads\/2015\/04\/noticia_copia_1.jpg","contentUrl":"https:\/\/www.cnab.cat\/wp-content\/uploads\/2015\/04\/noticia_copia_1.jpg","width":360,"height":266,"caption":"noticia_copia.jpg"},{"@type":"BreadcrumbList","@id":"https:\/\/www.cnab.cat\/ca\/compte-enrere-de-la-final-six-de-waterpolo\/#breadcrumb","itemListElement":[{"@type":"ListItem","position":1,"name":"Inici","item":"https:\/\/www.cnab.cat\/ca\/inici\/"},{"@type":"ListItem","position":2,"name":"Compte enrere de la Final Six de Waterpolo"}]},{"@type":"WebSite","@id":"https:\/\/www.cnab.cat\/#website","url":"https:\/\/www.cnab.cat\/","name":"Club Nataci\u00f3 Atl\u00e8tic-Barceloneta","description":"Web del Club Nataci\u00f3 Atl\u00e8tic Barceloneta","publisher":{"@id":"https:\/\/www.cnab.cat\/#organization"},"potentialAction":[{"@type":"SearchAction","target":{"@type":"EntryPoint","urlTemplate":"https:\/\/www.cnab.cat\/?s={search_term_string}"},"query-input":{"@type":"PropertyValueSpecification","valueRequired":true,"valueName":"search_term_string"}}],"inLanguage":"ca"},{"@type":"Organization","@id":"https:\/\/www.cnab.cat\/#organization","name":"Club Nataci\u00f3 Atl\u00e8tic - Barceloneta","url":"https:\/\/www.cnab.cat\/","logo":{"@type":"ImageObject","inLanguage":"ca","@id":"https:\/\/www.cnab.cat\/#\/schema\/logo\/image\/","url":"https:\/\/www.cnab.cat\/wp-content\/uploads\/2025\/12\/cropped-CNAB_LogoNoticia-6.jpg","contentUrl":"https:\/\/www.cnab.cat\/wp-content\/uploads\/2025\/12\/cropped-CNAB_LogoNoticia-6.jpg","width":512,"height":512,"caption":"Club Nataci\u00f3 Atl\u00e8tic - Barceloneta"},"image":{"@id":"https:\/\/www.cnab.cat\/#\/schema\/logo\/image\/"},"sameAs":["https:\/\/www.facebook.com\/cnab.oficial\/","https:\/\/x.com\/CNAB_oficial","http:\/\/cnaboficial"]},{"@type":"Person","@id":"https:\/\/www.cnab.cat\/#\/schema\/person\/daa25bfd69212a70498152e1ad3c2870","name":"crow_cnab_admin","image":{"@type":"ImageObject","inLanguage":"ca","@id":"https:\/\/secure.gravatar.com\/avatar\/1755c60693440c972ebf9a6352b4de9664269c7aa3c5c40ebc6d13283badf4dd?s=96&d=mm&r=g","url":"https:\/\/secure.gravatar.com\/avatar\/1755c60693440c972ebf9a6352b4de9664269c7aa3c5c40ebc6d13283badf4dd?s=96&d=mm&r=g","contentUrl":"https:\/\/secure.gravatar.com\/avatar\/1755c60693440c972ebf9a6352b4de9664269c7aa3c5c40ebc6d13283badf4dd?s=96&d=mm&r=g","caption":"crow_cnab_admin"}}]}},"jetpack_featured_media_url":"https:\/\/www.cnab.cat\/wp-content\/uploads\/2015\/04\/noticia_copia_1.jpg","_links":{"self":[{"href":"https:\/\/www.cnab.cat\/ca\/wp-json\/wp\/v2\/posts\/4855","targetHints":{"allow":["GET"]}}],"collection":[{"href":"https:\/\/www.cnab.cat\/ca\/wp-json\/wp\/v2\/posts"}],"about":[{"href":"https:\/\/www.cnab.cat\/ca\/wp-json\/wp\/v2\/types\/post"}],"author":[{"embeddable":true,"href":"https:\/\/www.cnab.cat\/ca\/wp-json\/wp\/v2\/users\/1"}],"replies":[{"embeddable":true,"href":"https:\/\/www.cnab.cat\/ca\/wp-json\/wp\/v2\/comments?post=4855"}],"version-history":[{"count":1,"href":"https:\/\/www.cnab.cat\/ca\/wp-json\/wp\/v2\/posts\/4855\/revisions"}],"predecessor-version":[{"id":6428,"href":"https:\/\/www.cnab.cat\/ca\/wp-json\/wp\/v2\/posts\/4855\/revisions\/6428"}],"wp:featuredmedia":[{"embeddable":true,"href":"https:\/\/www.cnab.cat\/ca\/wp-json\/wp\/v2\/media\/4856"}],"wp:attachment":[{"href":"https:\/\/www.cnab.cat\/ca\/wp-json\/wp\/v2\/media?parent=4855"}],"wp:term":[{"taxonomy":"category","embeddable":true,"href":"https:\/\/www.cnab.cat\/ca\/wp-json\/wp\/v2\/categories?post=4855"},{"taxonomy":"post_tag","embeddable":true,"href":"https:\/\/www.cnab.cat\/ca\/wp-json\/wp\/v2\/tags?post=4855"}],"curies":[{"name":"wp","href":"https:\/\/api.w.org\/{rel}","templated":true}]}}