{"id":5092,"date":"2015-10-05T15:06:06","date_gmt":"2015-10-05T13:06:06","guid":{"rendered":"https:\/\/cnab-dev.wwwarcelona.net\/noticias\/noticies\/inaugurem-la-divisio-dhonor-amb-una-victoria\/"},"modified":"2018-12-11T20:58:21","modified_gmt":"2018-12-11T18:58:21","slug":"inaugurem-la-divisio-dhonor-amb-una-victoria","status":"publish","type":"post","link":"https:\/\/www.cnab.cat\/ca\/inaugurem-la-divisio-dhonor-amb-una-victoria\/","title":{"rendered":"Inaugurem la Divisi\u00f3 d&#8217;Honor amb una vict\u00f2ria"},"content":{"rendered":"<div><\/div>\n<div>\n<h3>CN Atl\u00e8tic-Barceloneta 14 &#8211; 4 CE Mediterrani<br \/>\n\t\t<span style=\"font-size: 13px; font-weight: normal; line-height: 1.538em;\">(5&mdash;2, 4&mdash;0, 2&mdash;1, 3&mdash;1)<\/span><\/h3>\n<p>\tL&#39;equip inaugura la lliga de Divisi\u00f3 d&#39;Honor amb una vict\u00f2ria. Una setmana despr\u00e9s de la final de la Supercopa, ens torn\u00e0vem a veure les cares amb el CE Mediterrani. En aquest cas no va ser un partit igualat i el vam saldar amb una c\u00f2moda vict\u00f2ria de 14-4. Enhorabona i a seguir aix\u00ed! #Bacall\u00e0SecSec<\/p>\n<div>\n<h4>CN Atl\u00e8tic-Barceloneta<\/h4>\n<p><strong>Plantilla:<\/strong>&nbsp;Daniel L\u00f3pez, Balazs Sziranyi, Strahinja Rasovic (3), Alberto Mun\u00e1rriz (1), Marc Larumbe, Marc Minguell (1), Marc Roca (1), Albert Espa\u00f1ol (2), Roger Tahull Compte (1), Fran Fern\u00e1ndez (2), Viktor Rasovic (2) i Martin Famera (1).<br \/>\n\t\t\t<strong>Entrenadores:&nbsp;<\/strong>Chus Mart\u00edn i David Mart\u00edn.<\/p>\n<h4>CN Catalunya<\/h4>\n<p><strong>Plantilla:<\/strong>&nbsp; Diego Tebar, Roc Ferrer (1), Joshua Monpeat, Daniel Gonz\u00e1lez, Alexander Kostyukevich, Gerard Montero, Ivan Alejandro Idarraga, Georgy Kuznetsov, Javier Gorria (1), Pol Hodaly (1), Guillem Garc\u00eda i German Ignacio Ya\u00f1ez&nbsp; (1)<br \/>\n\t\t\t<strong>Entrenadores: <\/strong>Marc Comas i Joan Alled.<\/p>\n<p>&nbsp;<\/p>\n<\/p><\/div>\n<p>\n\t\t&nbsp;<\/p>\n<\/div>\n<p>&nbsp;<\/p>\n","protected":false},"excerpt":{"rendered":"<p>CN Atl\u00e8tic-Barceloneta 14 &#8211; 4 CE Mediterrani (5&mdash;2, 4&mdash;0, 2&mdash;1, 3&mdash;1) L&#39;equip inaugura la lliga de Divisi\u00f3 d&#39;Honor amb una vict\u00f2ria. Una setmana despr\u00e9s de la final de la Supercopa, ens torn\u00e0vem a veure les cares amb el CE Mediterrani. En aquest cas no va ser un partit igualat i el vam saldar amb una [&hellip;]<\/p>\n","protected":false},"author":1,"featured_media":5093,"comment_status":"closed","ping_status":"closed","sticky":false,"template":"","format":"standard","meta":{"_acf_changed":false,"footnotes":""},"categories":[687],"tags":[],"class_list":["post-5092","post","type-post","status-publish","format-standard","has-post-thumbnail","hentry","category-competicio-waterpolo"],"acf":[],"yoast_head":"<!-- This site is optimized with the Yoast SEO plugin v27.4 - https:\/\/yoast.com\/product\/yoast-seo-wordpress\/ -->\n<title>Inaugurem la Divisi\u00f3 d&#039;Honor amb una vict\u00f2ria - Club Nataci\u00f3 Atl\u00e8tic-Barceloneta<\/title>\n<meta name=\"robots\" content=\"index, follow, max-snippet:-1, max-image-preview:large, max-video-preview:-1\" \/>\n<link rel=\"canonical\" href=\"https:\/\/www.cnab.cat\/ca\/inaugurem-la-divisio-dhonor-amb-una-victoria\/\" \/>\n<meta property=\"og:locale\" content=\"ca_ES\" \/>\n<meta property=\"og:type\" content=\"article\" \/>\n<meta property=\"og:title\" content=\"Inaugurem la Divisi\u00f3 d&#039;Honor amb una vict\u00f2ria - Club Nataci\u00f3 Atl\u00e8tic-Barceloneta\" \/>\n<meta property=\"og:description\" content=\"CN Atl\u00e8tic-Barceloneta 14 &#8211; 4 CE Mediterrani (5&mdash;2, 4&mdash;0, 2&mdash;1, 3&mdash;1) L&#039;equip inaugura la lliga de Divisi\u00f3 d&#039;Honor amb una vict\u00f2ria. Una setmana despr\u00e9s de la final de la Supercopa, ens torn\u00e0vem a veure les cares amb el CE Mediterrani. En aquest cas no va ser un partit igualat i el vam saldar amb una [&hellip;]\" \/>\n<meta property=\"og:url\" content=\"https:\/\/www.cnab.cat\/ca\/inaugurem-la-divisio-dhonor-amb-una-victoria\/\" \/>\n<meta property=\"og:site_name\" content=\"Club Nataci\u00f3 Atl\u00e8tic-Barceloneta\" \/>\n<meta property=\"article:publisher\" content=\"https:\/\/www.facebook.com\/cnab.oficial\/\" \/>\n<meta property=\"article:published_time\" content=\"2015-10-05T13:06:06+00:00\" \/>\n<meta property=\"article:modified_time\" content=\"2018-12-11T18:58:21+00:00\" \/>\n<meta property=\"og:image\" content=\"https:\/\/www.cnab.cat\/wp-content\/uploads\/2015\/10\/llistat_43.jpg\" \/>\n\t<meta property=\"og:image:width\" content=\"146\" \/>\n\t<meta property=\"og:image:height\" content=\"154\" \/>\n\t<meta property=\"og:image:type\" content=\"image\/jpeg\" \/>\n<meta name=\"author\" content=\"crow_cnab_admin\" \/>\n<meta name=\"twitter:card\" content=\"summary_large_image\" \/>\n<meta name=\"twitter:creator\" content=\"@CNAB_oficial\" \/>\n<meta name=\"twitter:site\" content=\"@CNAB_oficial\" \/>\n<meta name=\"twitter:label1\" content=\"Escrit per\" \/>\n\t<meta name=\"twitter:data1\" content=\"crow_cnab_admin\" \/>\n\t<meta name=\"twitter:label2\" content=\"Temps estimat de lectura\" \/>\n\t<meta name=\"twitter:data2\" content=\"1 minut\" \/>\n<script type=\"application\/ld+json\" class=\"yoast-schema-graph\">{\"@context\":\"https:\\\/\\\/schema.org\",\"@graph\":[{\"@type\":\"Article\",\"@id\":\"https:\\\/\\\/www.cnab.cat\\\/ca\\\/inaugurem-la-divisio-dhonor-amb-una-victoria\\\/#article\",\"isPartOf\":{\"@id\":\"https:\\\/\\\/www.cnab.cat\\\/ca\\\/inaugurem-la-divisio-dhonor-amb-una-victoria\\\/\"},\"author\":{\"name\":\"crow_cnab_admin\",\"@id\":\"https:\\\/\\\/www.cnab.cat\\\/#\\\/schema\\\/person\\\/daa25bfd69212a70498152e1ad3c2870\"},\"headline\":\"Inaugurem la Divisi\u00f3 d&#8217;Honor amb una vict\u00f2ria\",\"datePublished\":\"2015-10-05T13:06:06+00:00\",\"dateModified\":\"2018-12-11T18:58:21+00:00\",\"mainEntityOfPage\":{\"@id\":\"https:\\\/\\\/www.cnab.cat\\\/ca\\\/inaugurem-la-divisio-dhonor-amb-una-victoria\\\/\"},\"wordCount\":169,\"publisher\":{\"@id\":\"https:\\\/\\\/www.cnab.cat\\\/#organization\"},\"image\":{\"@id\":\"https:\\\/\\\/www.cnab.cat\\\/ca\\\/inaugurem-la-divisio-dhonor-amb-una-victoria\\\/#primaryimage\"},\"thumbnailUrl\":\"https:\\\/\\\/www.cnab.cat\\\/wp-content\\\/uploads\\\/2015\\\/10\\\/llistat_43.jpg\",\"articleSection\":[\"Waterpolo\"],\"inLanguage\":\"ca\"},{\"@type\":\"WebPage\",\"@id\":\"https:\\\/\\\/www.cnab.cat\\\/ca\\\/inaugurem-la-divisio-dhonor-amb-una-victoria\\\/\",\"url\":\"https:\\\/\\\/www.cnab.cat\\\/ca\\\/inaugurem-la-divisio-dhonor-amb-una-victoria\\\/\",\"name\":\"Inaugurem la Divisi\u00f3 d'Honor amb una vict\u00f2ria - Club Nataci\u00f3 Atl\u00e8tic-Barceloneta\",\"isPartOf\":{\"@id\":\"https:\\\/\\\/www.cnab.cat\\\/#website\"},\"primaryImageOfPage\":{\"@id\":\"https:\\\/\\\/www.cnab.cat\\\/ca\\\/inaugurem-la-divisio-dhonor-amb-una-victoria\\\/#primaryimage\"},\"image\":{\"@id\":\"https:\\\/\\\/www.cnab.cat\\\/ca\\\/inaugurem-la-divisio-dhonor-amb-una-victoria\\\/#primaryimage\"},\"thumbnailUrl\":\"https:\\\/\\\/www.cnab.cat\\\/wp-content\\\/uploads\\\/2015\\\/10\\\/llistat_43.jpg\",\"datePublished\":\"2015-10-05T13:06:06+00:00\",\"dateModified\":\"2018-12-11T18:58:21+00:00\",\"breadcrumb\":{\"@id\":\"https:\\\/\\\/www.cnab.cat\\\/ca\\\/inaugurem-la-divisio-dhonor-amb-una-victoria\\\/#breadcrumb\"},\"inLanguage\":\"ca\",\"potentialAction\":[{\"@type\":\"ReadAction\",\"target\":[\"https:\\\/\\\/www.cnab.cat\\\/ca\\\/inaugurem-la-divisio-dhonor-amb-una-victoria\\\/\"]}]},{\"@type\":\"ImageObject\",\"inLanguage\":\"ca\",\"@id\":\"https:\\\/\\\/www.cnab.cat\\\/ca\\\/inaugurem-la-divisio-dhonor-amb-una-victoria\\\/#primaryimage\",\"url\":\"https:\\\/\\\/www.cnab.cat\\\/wp-content\\\/uploads\\\/2015\\\/10\\\/llistat_43.jpg\",\"contentUrl\":\"https:\\\/\\\/www.cnab.cat\\\/wp-content\\\/uploads\\\/2015\\\/10\\\/llistat_43.jpg\",\"width\":146,\"height\":154,\"caption\":\"llistat.jpg\"},{\"@type\":\"BreadcrumbList\",\"@id\":\"https:\\\/\\\/www.cnab.cat\\\/ca\\\/inaugurem-la-divisio-dhonor-amb-una-victoria\\\/#breadcrumb\",\"itemListElement\":[{\"@type\":\"ListItem\",\"position\":1,\"name\":\"Inici\",\"item\":\"https:\\\/\\\/www.cnab.cat\\\/ca\\\/inici\\\/\"},{\"@type\":\"ListItem\",\"position\":2,\"name\":\"Inaugurem la Divisi\u00f3 d&#8217;Honor amb una vict\u00f2ria\"}]},{\"@type\":\"WebSite\",\"@id\":\"https:\\\/\\\/www.cnab.cat\\\/#website\",\"url\":\"https:\\\/\\\/www.cnab.cat\\\/\",\"name\":\"Club Nataci\u00f3 Atl\u00e8tic-Barceloneta\",\"description\":\"Web del Club Nataci\u00f3 Atl\u00e8tic Barceloneta\",\"publisher\":{\"@id\":\"https:\\\/\\\/www.cnab.cat\\\/#organization\"},\"potentialAction\":[{\"@type\":\"SearchAction\",\"target\":{\"@type\":\"EntryPoint\",\"urlTemplate\":\"https:\\\/\\\/www.cnab.cat\\\/?s={search_term_string}\"},\"query-input\":{\"@type\":\"PropertyValueSpecification\",\"valueRequired\":true,\"valueName\":\"search_term_string\"}}],\"inLanguage\":\"ca\"},{\"@type\":\"Organization\",\"@id\":\"https:\\\/\\\/www.cnab.cat\\\/#organization\",\"name\":\"Club Nataci\u00f3 Atl\u00e8tic - Barceloneta\",\"url\":\"https:\\\/\\\/www.cnab.cat\\\/\",\"logo\":{\"@type\":\"ImageObject\",\"inLanguage\":\"ca\",\"@id\":\"https:\\\/\\\/www.cnab.cat\\\/#\\\/schema\\\/logo\\\/image\\\/\",\"url\":\"https:\\\/\\\/www.cnab.cat\\\/wp-content\\\/uploads\\\/2025\\\/12\\\/cropped-CNAB_LogoNoticia-6.jpg\",\"contentUrl\":\"https:\\\/\\\/www.cnab.cat\\\/wp-content\\\/uploads\\\/2025\\\/12\\\/cropped-CNAB_LogoNoticia-6.jpg\",\"width\":512,\"height\":512,\"caption\":\"Club Nataci\u00f3 Atl\u00e8tic - Barceloneta\"},\"image\":{\"@id\":\"https:\\\/\\\/www.cnab.cat\\\/#\\\/schema\\\/logo\\\/image\\\/\"},\"sameAs\":[\"https:\\\/\\\/www.facebook.com\\\/cnab.oficial\\\/\",\"https:\\\/\\\/x.com\\\/CNAB_oficial\",\"http:\\\/\\\/cnaboficial\"]},{\"@type\":\"Person\",\"@id\":\"https:\\\/\\\/www.cnab.cat\\\/#\\\/schema\\\/person\\\/daa25bfd69212a70498152e1ad3c2870\",\"name\":\"crow_cnab_admin\",\"image\":{\"@type\":\"ImageObject\",\"inLanguage\":\"ca\",\"@id\":\"https:\\\/\\\/secure.gravatar.com\\\/avatar\\\/1755c60693440c972ebf9a6352b4de9664269c7aa3c5c40ebc6d13283badf4dd?s=96&d=mm&r=g\",\"url\":\"https:\\\/\\\/secure.gravatar.com\\\/avatar\\\/1755c60693440c972ebf9a6352b4de9664269c7aa3c5c40ebc6d13283badf4dd?s=96&d=mm&r=g\",\"contentUrl\":\"https:\\\/\\\/secure.gravatar.com\\\/avatar\\\/1755c60693440c972ebf9a6352b4de9664269c7aa3c5c40ebc6d13283badf4dd?s=96&d=mm&r=g\",\"caption\":\"crow_cnab_admin\"}}]}<\/script>\n<!-- \/ Yoast SEO plugin. -->","yoast_head_json":{"title":"Inaugurem la Divisi\u00f3 d'Honor amb una vict\u00f2ria - Club Nataci\u00f3 Atl\u00e8tic-Barceloneta","robots":{"index":"index","follow":"follow","max-snippet":"max-snippet:-1","max-image-preview":"max-image-preview:large","max-video-preview":"max-video-preview:-1"},"canonical":"https:\/\/www.cnab.cat\/ca\/inaugurem-la-divisio-dhonor-amb-una-victoria\/","og_locale":"ca_ES","og_type":"article","og_title":"Inaugurem la Divisi\u00f3 d'Honor amb una vict\u00f2ria - Club Nataci\u00f3 Atl\u00e8tic-Barceloneta","og_description":"CN Atl\u00e8tic-Barceloneta 14 &#8211; 4 CE Mediterrani (5&mdash;2, 4&mdash;0, 2&mdash;1, 3&mdash;1) L&#39;equip inaugura la lliga de Divisi\u00f3 d&#39;Honor amb una vict\u00f2ria. Una setmana despr\u00e9s de la final de la Supercopa, ens torn\u00e0vem a veure les cares amb el CE Mediterrani. En aquest cas no va ser un partit igualat i el vam saldar amb una [&hellip;]","og_url":"https:\/\/www.cnab.cat\/ca\/inaugurem-la-divisio-dhonor-amb-una-victoria\/","og_site_name":"Club Nataci\u00f3 Atl\u00e8tic-Barceloneta","article_publisher":"https:\/\/www.facebook.com\/cnab.oficial\/","article_published_time":"2015-10-05T13:06:06+00:00","article_modified_time":"2018-12-11T18:58:21+00:00","og_image":[{"width":146,"height":154,"url":"https:\/\/www.cnab.cat\/wp-content\/uploads\/2015\/10\/llistat_43.jpg","type":"image\/jpeg"}],"author":"crow_cnab_admin","twitter_card":"summary_large_image","twitter_creator":"@CNAB_oficial","twitter_site":"@CNAB_oficial","twitter_misc":{"Escrit per":"crow_cnab_admin","Temps estimat de lectura":"1 minut"},"schema":{"@context":"https:\/\/schema.org","@graph":[{"@type":"Article","@id":"https:\/\/www.cnab.cat\/ca\/inaugurem-la-divisio-dhonor-amb-una-victoria\/#article","isPartOf":{"@id":"https:\/\/www.cnab.cat\/ca\/inaugurem-la-divisio-dhonor-amb-una-victoria\/"},"author":{"name":"crow_cnab_admin","@id":"https:\/\/www.cnab.cat\/#\/schema\/person\/daa25bfd69212a70498152e1ad3c2870"},"headline":"Inaugurem la Divisi\u00f3 d&#8217;Honor amb una vict\u00f2ria","datePublished":"2015-10-05T13:06:06+00:00","dateModified":"2018-12-11T18:58:21+00:00","mainEntityOfPage":{"@id":"https:\/\/www.cnab.cat\/ca\/inaugurem-la-divisio-dhonor-amb-una-victoria\/"},"wordCount":169,"publisher":{"@id":"https:\/\/www.cnab.cat\/#organization"},"image":{"@id":"https:\/\/www.cnab.cat\/ca\/inaugurem-la-divisio-dhonor-amb-una-victoria\/#primaryimage"},"thumbnailUrl":"https:\/\/www.cnab.cat\/wp-content\/uploads\/2015\/10\/llistat_43.jpg","articleSection":["Waterpolo"],"inLanguage":"ca"},{"@type":"WebPage","@id":"https:\/\/www.cnab.cat\/ca\/inaugurem-la-divisio-dhonor-amb-una-victoria\/","url":"https:\/\/www.cnab.cat\/ca\/inaugurem-la-divisio-dhonor-amb-una-victoria\/","name":"Inaugurem la Divisi\u00f3 d'Honor amb una vict\u00f2ria - Club Nataci\u00f3 Atl\u00e8tic-Barceloneta","isPartOf":{"@id":"https:\/\/www.cnab.cat\/#website"},"primaryImageOfPage":{"@id":"https:\/\/www.cnab.cat\/ca\/inaugurem-la-divisio-dhonor-amb-una-victoria\/#primaryimage"},"image":{"@id":"https:\/\/www.cnab.cat\/ca\/inaugurem-la-divisio-dhonor-amb-una-victoria\/#primaryimage"},"thumbnailUrl":"https:\/\/www.cnab.cat\/wp-content\/uploads\/2015\/10\/llistat_43.jpg","datePublished":"2015-10-05T13:06:06+00:00","dateModified":"2018-12-11T18:58:21+00:00","breadcrumb":{"@id":"https:\/\/www.cnab.cat\/ca\/inaugurem-la-divisio-dhonor-amb-una-victoria\/#breadcrumb"},"inLanguage":"ca","potentialAction":[{"@type":"ReadAction","target":["https:\/\/www.cnab.cat\/ca\/inaugurem-la-divisio-dhonor-amb-una-victoria\/"]}]},{"@type":"ImageObject","inLanguage":"ca","@id":"https:\/\/www.cnab.cat\/ca\/inaugurem-la-divisio-dhonor-amb-una-victoria\/#primaryimage","url":"https:\/\/www.cnab.cat\/wp-content\/uploads\/2015\/10\/llistat_43.jpg","contentUrl":"https:\/\/www.cnab.cat\/wp-content\/uploads\/2015\/10\/llistat_43.jpg","width":146,"height":154,"caption":"llistat.jpg"},{"@type":"BreadcrumbList","@id":"https:\/\/www.cnab.cat\/ca\/inaugurem-la-divisio-dhonor-amb-una-victoria\/#breadcrumb","itemListElement":[{"@type":"ListItem","position":1,"name":"Inici","item":"https:\/\/www.cnab.cat\/ca\/inici\/"},{"@type":"ListItem","position":2,"name":"Inaugurem la Divisi\u00f3 d&#8217;Honor amb una vict\u00f2ria"}]},{"@type":"WebSite","@id":"https:\/\/www.cnab.cat\/#website","url":"https:\/\/www.cnab.cat\/","name":"Club Nataci\u00f3 Atl\u00e8tic-Barceloneta","description":"Web del Club Nataci\u00f3 Atl\u00e8tic Barceloneta","publisher":{"@id":"https:\/\/www.cnab.cat\/#organization"},"potentialAction":[{"@type":"SearchAction","target":{"@type":"EntryPoint","urlTemplate":"https:\/\/www.cnab.cat\/?s={search_term_string}"},"query-input":{"@type":"PropertyValueSpecification","valueRequired":true,"valueName":"search_term_string"}}],"inLanguage":"ca"},{"@type":"Organization","@id":"https:\/\/www.cnab.cat\/#organization","name":"Club Nataci\u00f3 Atl\u00e8tic - Barceloneta","url":"https:\/\/www.cnab.cat\/","logo":{"@type":"ImageObject","inLanguage":"ca","@id":"https:\/\/www.cnab.cat\/#\/schema\/logo\/image\/","url":"https:\/\/www.cnab.cat\/wp-content\/uploads\/2025\/12\/cropped-CNAB_LogoNoticia-6.jpg","contentUrl":"https:\/\/www.cnab.cat\/wp-content\/uploads\/2025\/12\/cropped-CNAB_LogoNoticia-6.jpg","width":512,"height":512,"caption":"Club Nataci\u00f3 Atl\u00e8tic - Barceloneta"},"image":{"@id":"https:\/\/www.cnab.cat\/#\/schema\/logo\/image\/"},"sameAs":["https:\/\/www.facebook.com\/cnab.oficial\/","https:\/\/x.com\/CNAB_oficial","http:\/\/cnaboficial"]},{"@type":"Person","@id":"https:\/\/www.cnab.cat\/#\/schema\/person\/daa25bfd69212a70498152e1ad3c2870","name":"crow_cnab_admin","image":{"@type":"ImageObject","inLanguage":"ca","@id":"https:\/\/secure.gravatar.com\/avatar\/1755c60693440c972ebf9a6352b4de9664269c7aa3c5c40ebc6d13283badf4dd?s=96&d=mm&r=g","url":"https:\/\/secure.gravatar.com\/avatar\/1755c60693440c972ebf9a6352b4de9664269c7aa3c5c40ebc6d13283badf4dd?s=96&d=mm&r=g","contentUrl":"https:\/\/secure.gravatar.com\/avatar\/1755c60693440c972ebf9a6352b4de9664269c7aa3c5c40ebc6d13283badf4dd?s=96&d=mm&r=g","caption":"crow_cnab_admin"}}]}},"jetpack_featured_media_url":"https:\/\/www.cnab.cat\/wp-content\/uploads\/2015\/10\/llistat_43.jpg","_links":{"self":[{"href":"https:\/\/www.cnab.cat\/ca\/wp-json\/wp\/v2\/posts\/5092","targetHints":{"allow":["GET"]}}],"collection":[{"href":"https:\/\/www.cnab.cat\/ca\/wp-json\/wp\/v2\/posts"}],"about":[{"href":"https:\/\/www.cnab.cat\/ca\/wp-json\/wp\/v2\/types\/post"}],"author":[{"embeddable":true,"href":"https:\/\/www.cnab.cat\/ca\/wp-json\/wp\/v2\/users\/1"}],"replies":[{"embeddable":true,"href":"https:\/\/www.cnab.cat\/ca\/wp-json\/wp\/v2\/comments?post=5092"}],"version-history":[{"count":1,"href":"https:\/\/www.cnab.cat\/ca\/wp-json\/wp\/v2\/posts\/5092\/revisions"}],"predecessor-version":[{"id":6393,"href":"https:\/\/www.cnab.cat\/ca\/wp-json\/wp\/v2\/posts\/5092\/revisions\/6393"}],"wp:featuredmedia":[{"embeddable":true,"href":"https:\/\/www.cnab.cat\/ca\/wp-json\/wp\/v2\/media\/5093"}],"wp:attachment":[{"href":"https:\/\/www.cnab.cat\/ca\/wp-json\/wp\/v2\/media?parent=5092"}],"wp:term":[{"taxonomy":"category","embeddable":true,"href":"https:\/\/www.cnab.cat\/ca\/wp-json\/wp\/v2\/categories?post=5092"},{"taxonomy":"post_tag","embeddable":true,"href":"https:\/\/www.cnab.cat\/ca\/wp-json\/wp\/v2\/tags?post=5092"}],"curies":[{"name":"wp","href":"https:\/\/api.w.org\/{rel}","templated":true}]}}